{"id":223,"date":"2015-02-03T06:00:00","date_gmt":"2015-02-03T06:00:00","guid":{"rendered":"http:\/\/plazajuarez.mx\/index\/index.php\/2015\/02\/03\/pan-esta-listo-para-devolverle-a-mexico-la-paz-senala-anaya\/"},"modified":"2015-02-03T06:00:00","modified_gmt":"2015-02-03T06:00:00","slug":"pan-esta-listo-para-devolverle-a-mexico-la-paz-senala-anaya","status":"publish","type":"post","link":"https:\/\/plazajuarez.mx\/historico\/pan-esta-listo-para-devolverle-a-mexico-la-paz-senala-anaya\/","title":{"rendered":"PAN est\u00e1 listo para devolverle a  M\u00e9xico la paz, se\u00f1ala Anaya"},"content":{"rendered":"<p>M\u00e9xico, D.F.- El coordinador del PAN en la C\u00e1mara de Diputados, Ricardo Anaya, asegur\u00f3 que su grupo parlamentario y su instituto pol\u00edtico est\u00e1n listos y dispuestos, para volver a M\u00e9xico a la ruta del crecimiento, para detener el endeudamiento y para devolverle al pa\u00eds la paz y la tranquilidad que necesita.<\/p>\n<p>  <!--more-->  <\/p>\n<p>\u00a0<\/p>\n<p>Al emitir su discurso en la inauguraci\u00f3n de la reuni\u00f3n plenaria de los diputados, Anaya Cort\u00e9s dijo que est\u00e1n dispuestos a encabezar un cambio de rumbo para limpiar la casa a partir de la aprobaci\u00f3n del Sistema Nacional Anticorrupci\u00f3n.<\/p>\n<p>Un cambio de rumbo para cerrar la brecha que se ha abierto entre el gobierno y los ciudadanos y que le puede devolver a M\u00e9xico la esperanza.<\/p>\n<p>&#8220;Hoy decimos con fuerza, que este grupo parlamentario y que Acci\u00f3n Nacional est\u00e1 puesto y dispuesto para encabezar el cambio de rumbo que M\u00e9xico est\u00e1 pidiendo a gritos, un cambio de rumbo, para volver a M\u00e9xico a la ruta del crecimiento, para detener el endeudamiento irresponsable y corregir esa desastrosa fiscal, un cambio de rumbo para devolverle al pa\u00eds la paz y la tranquilidad, un cambio de rumbo para limpiar la casa a partir del Sistema Nacional Anticorrupci\u00f3n&#8221;, coment\u00f3.<\/p>\n<p>Anaya Cort\u00e9s compar\u00f3 al PRI con el guerrero Golliat, quien parec\u00eda invencible, pero al final tenia un mal en la visi\u00f3n que le imped\u00eda ver sus errores.<\/p>\n<p>Coment\u00f3 que los errores en los que ha ca\u00eddo el PRI, se encuentran en econom\u00eda, seguridad y deuda.<\/p>\n<p>&#8220;Goliat es como el PRI gobierno, detr\u00e1s de esa aparente fortaleza est\u00e1 la causa de su debilidad y padecen una enfermedad, est\u00e1n tocados por todos lados&#8230; empecemos por la econom\u00eda est\u00e1 estancada, no crece, la reforma fiscal propuesta por el gobierno ha resultado un aut\u00e9ntico desastre, hoy 7 de cada 10 mexicanos consideran que su econom\u00eda est\u00e1 peor de lo que estaba hace un a\u00f1o, el consumo se ha desplomado&#8221;, coment\u00f3.<\/p>\n<p>Posterior a la inauguraci\u00f3n, los legisladores escuchan la posici\u00f3n del Banco de M\u00e9xico en torno a la econom\u00eda, pues Agust\u00edn Carstens, les da una pl\u00e1tica. (Agencias)<\/p>\n","protected":false},"excerpt":{"rendered":"<p>M\u00e9xico, D.F.- El coordinador del PAN en la C\u00e1mara de Diputados, Ricardo Anaya, asegur\u00f3 que su grupo parlamentario y su instituto pol\u00edtico est\u00e1n listos y dispuestos, para volver a M\u00e9xico a la ruta del crecimiento, para detener el endeudamiento y para devolverle al pa\u00eds la paz y la tranquilidad que necesita.<\/p>\n","protected":false},"author":93,"featured_media":0,"comment_status":"open","ping_status":"open","sticky":false,"template":"","format":"standard","meta":{"footnotes":""},"categories":[36],"tags":[],"class_list":["post-223","post","type-post","status-publish","format-standard","hentry","category-nacion"],"_links":{"self":[{"href":"https:\/\/plazajuarez.mx\/historico\/wp-json\/wp\/v2\/posts\/223","targetHints":{"allow":["GET"]}}],"collection":[{"href":"https:\/\/plazajuarez.mx\/historico\/wp-json\/wp\/v2\/posts"}],"about":[{"href":"https:\/\/plazajuarez.mx\/historico\/wp-json\/wp\/v2\/types\/post"}],"author":[{"embeddable":true,"href":"https:\/\/plazajuarez.mx\/historico\/wp-json\/wp\/v2\/users\/93"}],"replies":[{"embeddable":true,"href":"https:\/\/plazajuarez.mx\/historico\/wp-json\/wp\/v2\/comments?post=223"}],"version-history":[{"count":0,"href":"https:\/\/plazajuarez.mx\/historico\/wp-json\/wp\/v2\/posts\/223\/revisions"}],"wp:attachment":[{"href":"https:\/\/plazajuarez.mx\/historico\/wp-json\/wp\/v2\/media?parent=223"}],"wp:term":[{"taxonomy":"category","embeddable":true,"href":"https:\/\/plazajuarez.mx\/historico\/wp-json\/wp\/v2\/categories?post=223"},{"taxonomy":"post_tag","embeddable":true,"href":"https:\/\/plazajuarez.mx\/historico\/wp-json\/wp\/v2\/tags?post=223"}],"curies":[{"name":"wp","href":"https:\/\/api.w.org\/{rel}","templated":true}]}}