{"id":222897,"date":"2022-07-18T10:49:52","date_gmt":"2022-07-18T15:49:52","guid":{"rendered":"https:\/\/plazajuarez.mx\/?p=222897"},"modified":"2022-07-18T10:49:59","modified_gmt":"2022-07-18T15:49:59","slug":"benito_juarez","status":"publish","type":"post","link":"https:\/\/plazajuarez.mx\/historico\/benito_juarez\/","title":{"rendered":"Benito Ju\u00e1rez cumple 150 a\u00f1os muerto con legado vivo en M\u00e9xico y L. Obrador"},"content":{"rendered":"\n<p>M\u00e9xico conmemora este lunes el 150 aniversario de la muerte del presidente Benito Ju\u00e1rez, referente del actual mandatario L\u00f3pez Obrador.<\/p>\n\n\n\n<p>\u201cHoy es un d\u00eda hist\u00f3rico, vamos a recordar los 150 a\u00f1os del fallecimiento del presidente Benito Ju\u00e1rez, el mejor presidente de la historia de M\u00e9xico\u201d, declar\u00f3 este lunes L\u00f3pez Obrador en el Palacio Nacional.<\/p>\n\n\n\n<p>La historiadora Mar\u00eda Antonieta Ilhui Pacheco considera que &#8220;la figura de Ju\u00e1rez ya estaba encumbrada, pero con su muerte cobr\u00f3 un mayor peso&#8221;.<\/p>\n\n\n\n<p>&#8220;Ju\u00e1rez es una de las figuras m\u00e1s reconocidas dentro de la historia de M\u00e9xico y del mundo del siglo XIX, y no es en vano que se le haya reconocido como el Benem\u00e9rito de las Am\u00e9ricas por varios pa\u00edses latinoamericanos&#8221;, expuso en entrevista con Efe la acad\u00e9mica de la Universidad Aut\u00f3noma Metropolitana (UAM)<\/p>\n\n\n\n<p>Como presidente, en periodos intermitentes de 1858 a 1972, Ju\u00e1rez enfrent\u00f3 dos episodios relevantes en la historia del pa\u00eds: la Guerra de Reforma (1858-1861) y la Intervenci\u00f3n Francesa y el Segundo Imperio Mexicano (1862-1867).<\/p>\n\n\n\n<p>Adem\u00e1s, promulg\u00f3 las Leyes de Reforma, un conjunto de decretos emitidos entre 1859 y 1863 para separar la Iglesia del Estado.<\/p>\n\n\n\n<p>MUERTE Y HONRAS F\u00daNEBRES<\/p>\n\n\n\n<p>La acad\u00e9mica, con base en peri\u00f3dicos de la \u00e9poca, se\u00f1al\u00f3 que a su entierro asistieron unas 70.000 personas, adem\u00e1s de 60 carruajes que iban detr\u00e1s del cuerpo de Ju\u00e1rez.<\/p>\n\n\n\n<p>&#8220;Justo, en ese momento empieza su proceso de convertirse en un h\u00e9roe, si bien ya era reconocido antes de su muerte, al morir se empieza a glorificar su figura&#8221;, apunt\u00f3 Ilhui Pacheco.<\/p>\n\n\n\n<p>La historiadora record\u00f3 que la muerte de Ju\u00e1rez ocurri\u00f3 poco antes de las 12 de la noche y durante la madrugada del 19 de julio los habitantes de la Ciudad de M\u00e9xico escucharon el estruendo de las salvas de honor que anunciaron que algo grave hab\u00eda acontecido.<\/p>\n\n\n\n<p>JU\u00c1REZ Y L\u00d3PEZ OBRADOR.<\/p>\n\n\n\n<p>Ju\u00e1rez, quien separ\u00f3 la Iglesia del Estado en el siglo XIX, es el principal modelo a seguir del presidente L\u00f3pez Obrador, quien se define como &#8220;juarista&#8221; y casi todos los d\u00edas lo cita en sus conferencias matutinas.<\/p>\n\n\n\n<p>&#8220;Los funcionarios p\u00fablicos no pueden improvisar fortunas ni entregarse al ocio y a la disipaci\u00f3n, sino consagrarse asiduamente al trabajo, resign\u00e1ndose a vivir en la honrosa median\u00eda que proporciona la retribuci\u00f3n que la ley haya se\u00f1alado&#8221;, declar\u00f3 Ju\u00e1rez como gobernador al inaugurar el primer periodo de sesiones de la X Legislatura del estado de Oaxaca, el 2 de julio de 1852.<\/p>\n\n\n\n<p>Esa frase L\u00f3pez Obrador la retoma cada tanto para justificar su pol\u00edtica de austeridad y se\u00f1alar que los funcionarios p\u00fablicos tienen que &#8220;aprender a vivir en la justa median\u00eda&#8221;.<\/p>\n\n\n\n<p>&#8220;Un ind\u00edgena zapoteco que es ejemplo a seguir por su rectitud, su perseverancia, su patriotismo&#8221;, dijo el mandatario en julio de 2019 al conmemorar el 147 aniversario de su fallecimiento.<\/p>\n\n\n\n<p>Para honrar su muerte, L\u00f3pez Obrador anunci\u00f3 este lunes una ceremonia en el Palacio Nacional, donde se reabrir\u00e1 el &#8220;recinto Ju\u00e1rez&#8221;, un espacio rehabilitado dedicado al \u00eddolo hist\u00f3rico para visitas p\u00fablicas.<\/p>\n\n\n\n<p>&#8220;La figura de Ju\u00e1rez es quiz\u00e1 una de las figuras m\u00e1s fuertes en todo y eso hace que, de alguna manera, el presidente L\u00f3pez Obrador busque seguir su ejemplo&#8221;, coment\u00f3 la historiadora Ilhui Pacheco.<\/p>\n\n\n\n<p>Pero precis\u00f3 que &#8220;una cosa es querer tener la intenci\u00f3n de hacer el seguimiento de un comportamiento, de una conducta similar a la de Ju\u00e1rez y otra cosa es llevarla a cabo&#8221;.<\/p>\n\n\n\n<p>VIDA Y OBRA<\/p>\n\n\n\n<p>A lo largo de su vida Ju\u00e1rez fue abogado, diputado, gobernador, presidente de la Suprema Corte y presidente de la Rep\u00fablica, cargo que desempe\u00f1\u00f3 del 19 de enero de 1858 al 18 de julio de 1872.<\/p>\n\n\n\n<p>En 1859 promulg\u00f3 la &#8220;Ley de Administraci\u00f3n de Justicia y Org\u00e1nica de los Tribunales de la Naci\u00f3n del Distrito y Territorios&#8221; conocida como &#8220;Ley Ju\u00e1rez&#8221;, que consisti\u00f3 en suprimir tribunales especiales.<\/p>\n\n\n\n<p>Durante su gobierno, combati\u00f3 la Segunda Intervenci\u00f3n Francesa y al Segundo Imperio Mexicano, que concluy\u00f3 con el fusilamiento del emperador Maximiliano de Habsburgo y sus generales Miguel Miram\u00f3n y Tom\u00e1s Mej\u00eda en el Cerro de las Campanas, en Quer\u00e9taro, en el centro del pa\u00eds.<\/p>\n\n\n\n<p>Con el triunfo de su gobierno se dedic\u00f3 los \u00faltimos cinco a\u00f1os de su vida a intentar consolidar la paz conquistada y hacer efectivos los principios del liberalismo.<\/p>\n\n\n\n<p>El 18 de julio de 1872 falleci\u00f3 y en 1880 el presidente Porfirio D\u00edaz inaugur\u00f3 un mausoleo dedicado a la familia Ju\u00e1rez Maza, en el que descansan los restos de la esposa de Benito Ju\u00e1rez, Margarita Maza y cinco de sus doce hijos.<\/p>\n\n\n\n<p>El d\u00eda 23 de julio de 1872, el cuerpo embalsamado del presidente Ju\u00e1rez fue conducido al Pante\u00f3n de San Fernando en el centro de Ciudad de M\u00e9xico por una escolta militar.<\/p>\n","protected":false},"excerpt":{"rendered":"<p>M\u00e9xico conmemora este lunes el 150 aniversario de la muerte del presidente Benito Ju\u00e1rez, referente del actual mandatario L\u00f3pez Obrador. \u201cHoy es un d\u00eda hist\u00f3rico, vamos a recordar los 150 a\u00f1os del fallecimiento del presidente Benito Ju\u00e1rez, el mejor presidente de la historia de M\u00e9xico\u201d, declar\u00f3 este lunes L\u00f3pez Obrador en el Palacio Nacional. La [&hellip;]<\/p>\n","protected":false},"author":80,"featured_media":222898,"comment_status":"closed","ping_status":"closed","sticky":false,"template":"","format":"standard","meta":{"footnotes":""},"categories":[15,36],"tags":[],"class_list":["post-222897","post","type-post","status-publish","format-standard","has-post-thumbnail","hentry","category-destacadas","category-nacion"],"_links":{"self":[{"href":"https:\/\/plazajuarez.mx\/historico\/wp-json\/wp\/v2\/posts\/222897","targetHints":{"allow":["GET"]}}],"collection":[{"href":"https:\/\/plazajuarez.mx\/historico\/wp-json\/wp\/v2\/posts"}],"about":[{"href":"https:\/\/plazajuarez.mx\/historico\/wp-json\/wp\/v2\/types\/post"}],"author":[{"embeddable":true,"href":"https:\/\/plazajuarez.mx\/historico\/wp-json\/wp\/v2\/users\/80"}],"replies":[{"embeddable":true,"href":"https:\/\/plazajuarez.mx\/historico\/wp-json\/wp\/v2\/comments?post=222897"}],"version-history":[{"count":0,"href":"https:\/\/plazajuarez.mx\/historico\/wp-json\/wp\/v2\/posts\/222897\/revisions"}],"wp:featuredmedia":[{"embeddable":true,"href":"https:\/\/plazajuarez.mx\/historico\/wp-json\/wp\/v2\/media\/222898"}],"wp:attachment":[{"href":"https:\/\/plazajuarez.mx\/historico\/wp-json\/wp\/v2\/media?parent=222897"}],"wp:term":[{"taxonomy":"category","embeddable":true,"href":"https:\/\/plazajuarez.mx\/historico\/wp-json\/wp\/v2\/categories?post=222897"},{"taxonomy":"post_tag","embeddable":true,"href":"https:\/\/plazajuarez.mx\/historico\/wp-json\/wp\/v2\/tags?post=222897"}],"curies":[{"name":"wp","href":"https:\/\/api.w.org\/{rel}","templated":true}]}}