{"id":222894,"date":"2022-07-18T10:46:00","date_gmt":"2022-07-18T15:46:00","guid":{"rendered":"https:\/\/plazajuarez.mx\/?p=222894"},"modified":"2022-07-18T10:46:08","modified_gmt":"2022-07-18T15:46:08","slug":"obrador_biden-3","status":"publish","type":"post","link":"https:\/\/plazajuarez.mx\/historico\/obrador_biden-3\/","title":{"rendered":"L\u00f3pez Obrador dej\u00f3 carta a Joe Biden para pedir exoneraci\u00f3n de Julian Assange"},"content":{"rendered":"\n<p>El presidente mexicano, Andr\u00e9s Manuel L\u00f3pez Obrador, revel\u00f3 este lunes que dej\u00f3 una carta a su hom\u00f3logo estadounidense, Joe Biden, para pedir la exoneraci\u00f3n del periodista australiano Julian Assange, a quien las autoridades estadounidenses buscan juzgar por las revelaciones de su portal WikiLeaks.<\/p>\n\n\n\n<p>\u201cLe dej\u00e9 una carta al presidente sobre Julian Assange, explic\u00e1ndole de que no cometi\u00f3 ning\u00fan delito grave, Assange, \u00e9l no le caus\u00f3 la muerte a nadie, no viol\u00f3 ning\u00fan derecho humano, y ejerci\u00f3 su libertad y que detenerlo, pues, iba a significar una afrenta permanente a la libertad de expresi\u00f3n\u201d, se\u00f1al\u00f3 el mandatario durante su conferencia de prensa matutina.<\/p>\n\n\n\n<p>Dijo que en la misiva, que dej\u00f3 al presidente estadounidense durante la reuni\u00f3n bilateral que sostuvieron el martes de la semana pasada en Washington, explic\u00f3 que M\u00e9xico ha ofrecido protecci\u00f3n y asilo al periodista australiano.<\/p>\n\n\n\n<p>Sin embargo, apunt\u00f3, hasta ahora no ha recibido respuesta a la carta y se\u00f1al\u00f3 que debe ser respetuoso.<\/p>\n\n\n\n<p>\u201cTengo que esperar a que lo analice y se den los tiempos\u201d, enfatiz\u00f3.<\/p>\n\n\n\n<p>L\u00f3pez Obrador ha reiterado en diversas ocasiones su apoyo a Julian Assange.<\/p>\n\n\n\n<p>Incluso, en enero pasado, su Gobierno dio a conocer el contenido de una carta enviada en 2020 al entonces presidente estadounidense Donald Trump (2017-2021) para interceder por el comunicador australiano.<\/p>\n\n\n\n<p>Mientras que en enero de 2021, L\u00f3pez Obrador ofreci\u00f3 asilo pol\u00edtico al fundador de WikiLeaks.<\/p>\n\n\n\n<p>A principios del presente mes, Assange entreg\u00f3 al Tribunal Superior de Londres una solicitud para recurrir su extradici\u00f3n a Estados Unidos, que lo requiere para juzgarlo por delitos de espionaje.<\/p>\n\n\n\n<p>El activista, de 51 a\u00f1os, contin\u00faa en la prisi\u00f3n de m\u00e1xima seguridad de Belmarsh, en Londres, mientras se resuelve su apelaci\u00f3n contra su entrega a EE.UU.<\/p>\n\n\n\n<p>Las autoridades estadounidenses acusan al australiano de una veintena de delitos por las informaciones y documentos que filtr\u00f3 en WikiLeaks, en los que expuso los abusos cometidos por las tropas estadounidenses en las guerras de Irak y Afganist\u00e1n.<\/p>\n\n\n\n<p>Entre 2012 y 2019, Assange se refugi\u00f3 en la Embajada de Ecuador en Londres, hasta que en abril de ese a\u00f1o lo arrestaron por una orden de extradici\u00f3n de Estados Unidos, despu\u00e9s de que el Gobierno de ese pa\u00eds latinoamericano le retirara la condici\u00f3n de asilo pol\u00edtico.<\/p>\n","protected":false},"excerpt":{"rendered":"<p>El presidente mexicano, Andr\u00e9s Manuel L\u00f3pez Obrador, revel\u00f3 este lunes que dej\u00f3 una carta a su hom\u00f3logo estadounidense, Joe Biden, para pedir la exoneraci\u00f3n del periodista australiano Julian Assange, a quien las autoridades estadounidenses buscan juzgar por las revelaciones de su portal WikiLeaks. \u201cLe dej\u00e9 una carta al presidente sobre Julian Assange, explic\u00e1ndole de que [&hellip;]<\/p>\n","protected":false},"author":80,"featured_media":222895,"comment_status":"closed","ping_status":"closed","sticky":false,"template":"","format":"standard","meta":{"footnotes":""},"categories":[15,36],"tags":[],"class_list":["post-222894","post","type-post","status-publish","format-standard","has-post-thumbnail","hentry","category-destacadas","category-nacion"],"_links":{"self":[{"href":"https:\/\/plazajuarez.mx\/historico\/wp-json\/wp\/v2\/posts\/222894","targetHints":{"allow":["GET"]}}],"collection":[{"href":"https:\/\/plazajuarez.mx\/historico\/wp-json\/wp\/v2\/posts"}],"about":[{"href":"https:\/\/plazajuarez.mx\/historico\/wp-json\/wp\/v2\/types\/post"}],"author":[{"embeddable":true,"href":"https:\/\/plazajuarez.mx\/historico\/wp-json\/wp\/v2\/users\/80"}],"replies":[{"embeddable":true,"href":"https:\/\/plazajuarez.mx\/historico\/wp-json\/wp\/v2\/comments?post=222894"}],"version-history":[{"count":0,"href":"https:\/\/plazajuarez.mx\/historico\/wp-json\/wp\/v2\/posts\/222894\/revisions"}],"wp:featuredmedia":[{"embeddable":true,"href":"https:\/\/plazajuarez.mx\/historico\/wp-json\/wp\/v2\/media\/222895"}],"wp:attachment":[{"href":"https:\/\/plazajuarez.mx\/historico\/wp-json\/wp\/v2\/media?parent=222894"}],"wp:term":[{"taxonomy":"category","embeddable":true,"href":"https:\/\/plazajuarez.mx\/historico\/wp-json\/wp\/v2\/categories?post=222894"},{"taxonomy":"post_tag","embeddable":true,"href":"https:\/\/plazajuarez.mx\/historico\/wp-json\/wp\/v2\/tags?post=222894"}],"curies":[{"name":"wp","href":"https:\/\/api.w.org\/{rel}","templated":true}]}}