{"id":222890,"date":"2022-07-18T10:41:58","date_gmt":"2022-07-18T15:41:58","guid":{"rendered":"https:\/\/plazajuarez.mx\/?p=222890"},"modified":"2022-07-18T10:43:10","modified_gmt":"2022-07-18T15:43:10","slug":"alito_moren","status":"publish","type":"post","link":"https:\/\/plazajuarez.mx\/historico\/alito_moren\/","title":{"rendered":"Vamos a defender la democracia en M\u00e9xico con todo: Alito Moreno"},"content":{"rendered":"\n<p>\u201cPese a la campa\u00f1a de odio, mentiras y difamaci\u00f3n por parte del gobierno federal y Morena, a los priistas ni nos asustan ni nos amedrentan. Vamos de frente y vamos con todo a defender a nuestro pa\u00eds. Vamos a defender la democracia en M\u00e9xico y las instituciones\u201d, afirm\u00f3 Alejandro Moreno, Presidente del Comit\u00e9 Ejecutivo Nacional (CEN) del Partido Revolucionario Institucional (PRI).<\/p>\n\n\n\n<p>En un encuentro con la militancia priista de Michoac\u00e1n, en el marco de una sesi\u00f3n del Consejo Pol\u00edtico del tricolor en el estado, luego de que los priistas cerraron filas en su apoyo, dijo que M\u00e9xico no va bien, y necesita de la fuerza y la fortaleza del PRI, de la visi\u00f3n de las y los priistas.<\/p>\n\n\n\n<p>\u201cY por ello, lo primero que tiene que hacer un instituto pol\u00edtico como el nuestro, es demostrar capacidad, talento, lealtad, unidad, y lo m\u00e1s importante, categor\u00eda pol\u00edtica para enfrentar la adversidad\u201d, expuso.<\/p>\n\n\n\n<p>Finalmente, el l\u00edder nacional del tricolor se\u00f1al\u00f3 que a Morena se le cae el pa\u00eds a pedazos, como muestra la inseguridad, la carest\u00eda de la canasta b\u00e1sica y la falta de apoyos al campo.&nbsp;<\/p>\n","protected":false},"excerpt":{"rendered":"<p>\u201cPese a la campa\u00f1a de odio, mentiras y difamaci\u00f3n por parte del gobierno federal y Morena, a los priistas ni nos asustan ni nos amedrentan. Vamos de frente y vamos con todo a defender a nuestro pa\u00eds. Vamos a defender la democracia en M\u00e9xico y las instituciones\u201d, afirm\u00f3 Alejandro Moreno, Presidente del Comit\u00e9 Ejecutivo Nacional [&hellip;]<\/p>\n","protected":false},"author":93,"featured_media":222891,"comment_status":"closed","ping_status":"closed","sticky":false,"template":"","format":"standard","meta":{"footnotes":""},"categories":[36],"tags":[],"class_list":["post-222890","post","type-post","status-publish","format-standard","has-post-thumbnail","hentry","category-nacion"],"_links":{"self":[{"href":"https:\/\/plazajuarez.mx\/historico\/wp-json\/wp\/v2\/posts\/222890","targetHints":{"allow":["GET"]}}],"collection":[{"href":"https:\/\/plazajuarez.mx\/historico\/wp-json\/wp\/v2\/posts"}],"about":[{"href":"https:\/\/plazajuarez.mx\/historico\/wp-json\/wp\/v2\/types\/post"}],"author":[{"embeddable":true,"href":"https:\/\/plazajuarez.mx\/historico\/wp-json\/wp\/v2\/users\/93"}],"replies":[{"embeddable":true,"href":"https:\/\/plazajuarez.mx\/historico\/wp-json\/wp\/v2\/comments?post=222890"}],"version-history":[{"count":0,"href":"https:\/\/plazajuarez.mx\/historico\/wp-json\/wp\/v2\/posts\/222890\/revisions"}],"wp:featuredmedia":[{"embeddable":true,"href":"https:\/\/plazajuarez.mx\/historico\/wp-json\/wp\/v2\/media\/222891"}],"wp:attachment":[{"href":"https:\/\/plazajuarez.mx\/historico\/wp-json\/wp\/v2\/media?parent=222890"}],"wp:term":[{"taxonomy":"category","embeddable":true,"href":"https:\/\/plazajuarez.mx\/historico\/wp-json\/wp\/v2\/categories?post=222890"},{"taxonomy":"post_tag","embeddable":true,"href":"https:\/\/plazajuarez.mx\/historico\/wp-json\/wp\/v2\/tags?post=222890"}],"curies":[{"name":"wp","href":"https:\/\/api.w.org\/{rel}","templated":true}]}}