{"id":222886,"date":"2022-07-18T10:37:06","date_gmt":"2022-07-18T15:37:06","guid":{"rendered":"https:\/\/plazajuarez.mx\/?p=222886"},"modified":"2022-07-18T10:38:46","modified_gmt":"2022-07-18T15:38:46","slug":"periodista_sonora","status":"publish","type":"post","link":"https:\/\/plazajuarez.mx\/historico\/periodista_sonora\/","title":{"rendered":"Atacan a balazos al periodista Rub\u00e9n Haro en Cajeme, Sonora"},"content":{"rendered":"\n<p>El periodista Rub\u00e9n Haro Madero, propietario del portal Noticias de la Red, sufri\u00f3 un ataque armado del que sali\u00f3 ileso cuando circulaba en su veh\u00edculo en Cajeme, Sonora.<\/p>\n\n\n\n<p>Los hechos ocurrieron la madrugada de este domingo 17 de julio, alrededor de las 2:30 horas, a la altura de las calles Norman E. Borlaug y Obrero Mundial, cerca de la jefatura de polic\u00eda.<\/p>\n\n\n\n<p>De acuerdo a medios locales, el periodista circulaba de sur a norte y por la calle 5 de Febrero, al llegar a la Obrero Mundial, se le emparej\u00f3 una camioneta blanca, al parecer Honda, de donde desconocidos le dispararon en m\u00e1s de 5 ocasiones.<\/p>\n\n\n\n<p>Los agresores se dieron a la fuga y el periodista result\u00f3 ileso; posterior se refugi\u00f3 en la Jefatura de Polic\u00eda Preventiva y Tr\u00e1nsito Municipal por la calle Lateral 300 entre Valle de \u00c1lamos y Jalisco.<\/p>\n","protected":false},"excerpt":{"rendered":"<p>El periodista Rub\u00e9n Haro Madero, propietario del portal Noticias de la Red, sufri\u00f3 un ataque armado del que sali\u00f3 ileso cuando circulaba en su veh\u00edculo en Cajeme, Sonora. Los hechos ocurrieron la madrugada de este domingo 17 de julio, alrededor de las 2:30 horas, a la altura de las calles Norman E. Borlaug y Obrero [&hellip;]<\/p>\n","protected":false},"author":81,"featured_media":222887,"comment_status":"closed","ping_status":"closed","sticky":false,"template":"","format":"standard","meta":{"footnotes":""},"categories":[36],"tags":[],"class_list":["post-222886","post","type-post","status-publish","format-standard","has-post-thumbnail","hentry","category-nacion"],"_links":{"self":[{"href":"https:\/\/plazajuarez.mx\/historico\/wp-json\/wp\/v2\/posts\/222886","targetHints":{"allow":["GET"]}}],"collection":[{"href":"https:\/\/plazajuarez.mx\/historico\/wp-json\/wp\/v2\/posts"}],"about":[{"href":"https:\/\/plazajuarez.mx\/historico\/wp-json\/wp\/v2\/types\/post"}],"author":[{"embeddable":true,"href":"https:\/\/plazajuarez.mx\/historico\/wp-json\/wp\/v2\/users\/81"}],"replies":[{"embeddable":true,"href":"https:\/\/plazajuarez.mx\/historico\/wp-json\/wp\/v2\/comments?post=222886"}],"version-history":[{"count":0,"href":"https:\/\/plazajuarez.mx\/historico\/wp-json\/wp\/v2\/posts\/222886\/revisions"}],"wp:featuredmedia":[{"embeddable":true,"href":"https:\/\/plazajuarez.mx\/historico\/wp-json\/wp\/v2\/media\/222887"}],"wp:attachment":[{"href":"https:\/\/plazajuarez.mx\/historico\/wp-json\/wp\/v2\/media?parent=222886"}],"wp:term":[{"taxonomy":"category","embeddable":true,"href":"https:\/\/plazajuarez.mx\/historico\/wp-json\/wp\/v2\/categories?post=222886"},{"taxonomy":"post_tag","embeddable":true,"href":"https:\/\/plazajuarez.mx\/historico\/wp-json\/wp\/v2\/tags?post=222886"}],"curies":[{"name":"wp","href":"https:\/\/api.w.org\/{rel}","templated":true}]}}