{"id":222881,"date":"2022-07-18T10:32:39","date_gmt":"2022-07-18T15:32:39","guid":{"rendered":"https:\/\/plazajuarez.mx\/?p=222881"},"modified":"2022-07-18T10:33:49","modified_gmt":"2022-07-18T15:33:49","slug":"shein_tren","status":"publish","type":"post","link":"https:\/\/plazajuarez.mx\/historico\/shein_tren\/","title":{"rendered":"Sheinbaum anuncia &#8220;sorpresa&#8221;: llegar\u00e1n nuevos trenes del Metro"},"content":{"rendered":"\n<ul class=\"wp-block-list\"><li>Inform\u00f3 la mandataria capitalina sobre los trabajos hechos, a una semana del cierre de la L\u00ednea 1<\/li><\/ul>\n\n\n\n<p> A una semana del cierre parcial de la L\u00ednea 1 por los trabajos de renovaci\u00f3n, la Jefa de Gobierno, Claudia Sheinbaum, anunci\u00f3 que se tendr\u00e1 una &#8220;sorpresa&#8221; en torno a la llegada de los nuevos trenes.<\/p>\n\n\n\n<p>Desde la estaci\u00f3n Salto del Agua de la L\u00ednea 1, la mandataria capitalina inform\u00f3 que los trabajos han avanzado con el retiro de las v\u00edas, y adem\u00e1s agradeci\u00f3 a la ciudadan\u00eda por su comportamiento tras el cierre de la L\u00ednea 1.<\/p>\n\n\n\n<p>&#8220;Quiero agradecer a todos los habitantes de la ciudad y particularmente a los usuarios de la L\u00ednea 1. Ha sido un comportamiento ejemplar, como siempre los habitantes de la Ciudad de M\u00e9xico somos solidarios y esta es una de las obras m\u00e1s importantes del Gobierno de la ciudad y adem\u00e1s, finalmente estamos pensando en ustedes, en que disminuyan los tiempos de traslado, en que no vayan tan apretados en los trenes. Ya muy pronto van a ver c\u00f3mo empiezan a llegar los nuevos trenes, les tenemos una muy buena sorpresa para el pr\u00f3ximo lunes&#8221;, a\u00f1adi\u00f3 en un video publicado en su cuenta de Twitter.<\/p>\n","protected":false},"excerpt":{"rendered":"<p>Inform\u00f3 la mandataria capitalina sobre los trabajos hechos, a una semana del cierre de la L\u00ednea 1 A una semana del cierre parcial de la L\u00ednea 1 por los trabajos de renovaci\u00f3n, la Jefa de Gobierno, Claudia Sheinbaum, anunci\u00f3 que se tendr\u00e1 una &#8220;sorpresa&#8221; en torno a la llegada de los nuevos trenes. Desde la [&hellip;]<\/p>\n","protected":false},"author":81,"featured_media":222882,"comment_status":"closed","ping_status":"closed","sticky":false,"template":"","format":"standard","meta":{"footnotes":""},"categories":[2160],"tags":[],"class_list":["post-222881","post","type-post","status-publish","format-standard","has-post-thumbnail","hentry","category-noticias-de-la-ciudad-de-mexico"],"_links":{"self":[{"href":"https:\/\/plazajuarez.mx\/historico\/wp-json\/wp\/v2\/posts\/222881","targetHints":{"allow":["GET"]}}],"collection":[{"href":"https:\/\/plazajuarez.mx\/historico\/wp-json\/wp\/v2\/posts"}],"about":[{"href":"https:\/\/plazajuarez.mx\/historico\/wp-json\/wp\/v2\/types\/post"}],"author":[{"embeddable":true,"href":"https:\/\/plazajuarez.mx\/historico\/wp-json\/wp\/v2\/users\/81"}],"replies":[{"embeddable":true,"href":"https:\/\/plazajuarez.mx\/historico\/wp-json\/wp\/v2\/comments?post=222881"}],"version-history":[{"count":0,"href":"https:\/\/plazajuarez.mx\/historico\/wp-json\/wp\/v2\/posts\/222881\/revisions"}],"wp:featuredmedia":[{"embeddable":true,"href":"https:\/\/plazajuarez.mx\/historico\/wp-json\/wp\/v2\/media\/222882"}],"wp:attachment":[{"href":"https:\/\/plazajuarez.mx\/historico\/wp-json\/wp\/v2\/media?parent=222881"}],"wp:term":[{"taxonomy":"category","embeddable":true,"href":"https:\/\/plazajuarez.mx\/historico\/wp-json\/wp\/v2\/categories?post=222881"},{"taxonomy":"post_tag","embeddable":true,"href":"https:\/\/plazajuarez.mx\/historico\/wp-json\/wp\/v2\/tags?post=222881"}],"curies":[{"name":"wp","href":"https:\/\/api.w.org\/{rel}","templated":true}]}}