{"id":222865,"date":"2022-07-18T10:15:22","date_gmt":"2022-07-18T15:15:22","guid":{"rendered":"https:\/\/plazajuarez.mx\/?p=222865"},"modified":"2022-07-18T10:34:16","modified_gmt":"2022-07-18T15:34:16","slug":"derbez_solteria","status":"publish","type":"post","link":"https:\/\/plazajuarez.mx\/historico\/derbez_solteria\/","title":{"rendered":"Aislinn Derbez regresa a la solter\u00eda"},"content":{"rendered":"\n<ul class=\"wp-block-list\"><li>A trav\u00e9s de una din\u00e1mica de preguntas y respuestas que realiz\u00f3 con sus fans, &#8220;Ais&#8221; fue cuestionada sobre su pareja<\/li><\/ul>\n\n\n\n<p>El amor entre Aislinn Derbez y Jonathan Kubben, ha llegado a su fin, ya que este fin de semana, la actriz confes\u00f3 a sus seguidores que ha regresado a la solter\u00eda tras terminar su noviazgo con el influencer.<\/p>\n\n\n\n<p>A trav\u00e9s de una din\u00e1mica de preguntas y respuestas que realiz\u00f3 con sus fans, &#8220;Ais&#8221; fue cuestionada sobre su pareja; sin embargo, sorprendi\u00f3 al contestar que se encuentra en la mejor etapa de su vida, ya que no s\u00f3lo ha dejado de preocuparse por las nimiedades de la vida, sino que est\u00e1 haciendo nuevos planes y disfrutando de su felicidad como una mujer &#8220;plena y soltera&#8221;.<\/p>\n\n\n\n<p>&#8220;Nunca me hab\u00eda sentido tan plena y feliz soltera. Antes pon\u00eda mi atenci\u00f3n s\u00f3lo en la familia y en la pareja y ahora estoy encontrando la comunidad que tanta falta me hac\u00eda, reconect\u00e1ndome con viejos amigos, conociendo muchos nuevos, abri\u00e9ndome a planes diferentes que me llenan much\u00edsimo&#8221;, escribi\u00f3 junto a una fotograf\u00eda en la que aparece con varios amigos y la actriz Esmeralda Pimentel.<\/p>\n\n\n\n<p>Sobre las causas que los habr\u00edan llevado a tomar la decisi\u00f3n de separarse, hasta el momento siguen siendo una inc\u00f3gnita; peor todo parece indicar que quedaron en buenos t\u00e9rminos, pues Kubben comparti\u00f3 una fotograf\u00eda en la que se refiere a Derbez como su &#8220;mejor amiga&#8221;.<\/p>\n","protected":false},"excerpt":{"rendered":"<p>A trav\u00e9s de una din\u00e1mica de preguntas y respuestas que realiz\u00f3 con sus fans, &#8220;Ais&#8221; fue cuestionada sobre su pareja El amor entre Aislinn Derbez y Jonathan Kubben, ha llegado a su fin, ya que este fin de semana, la actriz confes\u00f3 a sus seguidores que ha regresado a la solter\u00eda tras terminar su noviazgo [&hellip;]<\/p>\n","protected":false},"author":81,"featured_media":222866,"comment_status":"closed","ping_status":"closed","sticky":false,"template":"","format":"standard","meta":{"footnotes":""},"categories":[38],"tags":[],"class_list":["post-222865","post","type-post","status-publish","format-standard","has-post-thumbnail","hentry","category-show"],"_links":{"self":[{"href":"https:\/\/plazajuarez.mx\/historico\/wp-json\/wp\/v2\/posts\/222865","targetHints":{"allow":["GET"]}}],"collection":[{"href":"https:\/\/plazajuarez.mx\/historico\/wp-json\/wp\/v2\/posts"}],"about":[{"href":"https:\/\/plazajuarez.mx\/historico\/wp-json\/wp\/v2\/types\/post"}],"author":[{"embeddable":true,"href":"https:\/\/plazajuarez.mx\/historico\/wp-json\/wp\/v2\/users\/81"}],"replies":[{"embeddable":true,"href":"https:\/\/plazajuarez.mx\/historico\/wp-json\/wp\/v2\/comments?post=222865"}],"version-history":[{"count":0,"href":"https:\/\/plazajuarez.mx\/historico\/wp-json\/wp\/v2\/posts\/222865\/revisions"}],"wp:featuredmedia":[{"embeddable":true,"href":"https:\/\/plazajuarez.mx\/historico\/wp-json\/wp\/v2\/media\/222866"}],"wp:attachment":[{"href":"https:\/\/plazajuarez.mx\/historico\/wp-json\/wp\/v2\/media?parent=222865"}],"wp:term":[{"taxonomy":"category","embeddable":true,"href":"https:\/\/plazajuarez.mx\/historico\/wp-json\/wp\/v2\/categories?post=222865"},{"taxonomy":"post_tag","embeddable":true,"href":"https:\/\/plazajuarez.mx\/historico\/wp-json\/wp\/v2\/tags?post=222865"}],"curies":[{"name":"wp","href":"https:\/\/api.w.org\/{rel}","templated":true}]}}