{"id":222536,"date":"2022-07-15T08:22:00","date_gmt":"2022-07-15T13:22:00","guid":{"rendered":"https:\/\/plazajuarez.mx\/?p=222536"},"modified":"2022-07-15T08:38:09","modified_gmt":"2022-07-15T13:38:09","slug":"en-el-snte-eligiran-a-su-representante","status":"publish","type":"post","link":"https:\/\/plazajuarez.mx\/historico\/en-el-snte-eligiran-a-su-representante\/","title":{"rendered":"En el SNTE, eligir\u00e1n a su representante\u00a0"},"content":{"rendered":"\n<p>Hoy m\u00e1s de 55 mil agremiados a la secci\u00f3n 15 del Sindicato Nacional de Trabajadores de la Educaci\u00f3n (SNTE) acudir\u00e1n a una de las 247 Asambleas Delegacionales Electivas (ADE), para decidir qu\u00e9 perfil encabezar\u00e1 los trabajos del organismo sindical durante los pr\u00f3ximos cuatro a\u00f1os, por lo que se espera que los sindicalizados acudan entre las nueve y 13 horas.&nbsp;<\/p>\n\n\n\n<p>Por lo anterior, ayer los cuatro aspirantes hicieron sus respectivos cierres de campa\u00f1as, cabe destacar que los perfiles que compiten por la Secretar\u00eda General del SNTE y de acuerdo con el registro son: Said Vargas S\u00e1enz,&nbsp; de la planilla blanca \u201cTransformaci\u00f3n sindical\u201d; Jes\u00fas Monta\u00f1o, Pastrana de la planilla Rojinegra \u201cCNTE- Hidalgo\u201d; Julio Armando Mayorga Hern\u00e1ndez, de la planilla naranja \u201cSomos Unidad\u201d; y Juan Jos\u00e9 Luna Mej\u00eda, de la planilla azul \u201cPreSNTE\u201d.<br>El padr\u00f3n comprende m\u00e1s de 55 mil agremiados distribuidos en 10 regiones y tras la votaci\u00f3n vendr\u00e1 el conteo de votos para tener los resultados finales, mismos que se deber\u00e1n publicar, de acuerdo con la convocatoria, en el sitio web: <a href=\"https:\/\/snte.org.mx\/seccion15\/\">https:\/\/snte.org.mx\/seccion15\/<\/a>, cabe destacar que durante las campa\u00f1as se denunciaron diversos actos para presionar y dirigir el voto hacia algunos perfiles.<\/p>\n","protected":false},"excerpt":{"rendered":"<p>Hoy m\u00e1s de 55 mil agremiados a la secci\u00f3n 15 del Sindicato Nacional de Trabajadores de la Educaci\u00f3n (SNTE) acudir\u00e1n a una de las 247 Asambleas Delegacionales Electivas (ADE), para decidir qu\u00e9 perfil encabezar\u00e1 los trabajos del organismo sindical durante los pr\u00f3ximos cuatro a\u00f1os, por lo que se espera que los sindicalizados acudan entre las [&hellip;]<\/p>\n","protected":false},"author":72,"featured_media":222537,"comment_status":"closed","ping_status":"closed","sticky":false,"template":"","format":"standard","meta":{"footnotes":""},"categories":[15,59,2159],"tags":[],"class_list":["post-222536","post","type-post","status-publish","format-standard","has-post-thumbnail","hentry","category-destacadas","category-general","category-noticias-de-hidalgo"],"_links":{"self":[{"href":"https:\/\/plazajuarez.mx\/historico\/wp-json\/wp\/v2\/posts\/222536","targetHints":{"allow":["GET"]}}],"collection":[{"href":"https:\/\/plazajuarez.mx\/historico\/wp-json\/wp\/v2\/posts"}],"about":[{"href":"https:\/\/plazajuarez.mx\/historico\/wp-json\/wp\/v2\/types\/post"}],"author":[{"embeddable":true,"href":"https:\/\/plazajuarez.mx\/historico\/wp-json\/wp\/v2\/users\/72"}],"replies":[{"embeddable":true,"href":"https:\/\/plazajuarez.mx\/historico\/wp-json\/wp\/v2\/comments?post=222536"}],"version-history":[{"count":0,"href":"https:\/\/plazajuarez.mx\/historico\/wp-json\/wp\/v2\/posts\/222536\/revisions"}],"wp:featuredmedia":[{"embeddable":true,"href":"https:\/\/plazajuarez.mx\/historico\/wp-json\/wp\/v2\/media\/222537"}],"wp:attachment":[{"href":"https:\/\/plazajuarez.mx\/historico\/wp-json\/wp\/v2\/media?parent=222536"}],"wp:term":[{"taxonomy":"category","embeddable":true,"href":"https:\/\/plazajuarez.mx\/historico\/wp-json\/wp\/v2\/categories?post=222536"},{"taxonomy":"post_tag","embeddable":true,"href":"https:\/\/plazajuarez.mx\/historico\/wp-json\/wp\/v2\/tags?post=222536"}],"curies":[{"name":"wp","href":"https:\/\/api.w.org\/{rel}","templated":true}]}}