{"id":222527,"date":"2022-07-15T08:32:18","date_gmt":"2022-07-15T13:32:18","guid":{"rendered":"https:\/\/plazajuarez.mx\/?p=222527"},"modified":"2022-07-15T08:33:54","modified_gmt":"2022-07-15T13:33:54","slug":"anuncia-omar-fayad-mas-inversiones","status":"publish","type":"post","link":"https:\/\/plazajuarez.mx\/historico\/anuncia-omar-fayad-mas-inversiones\/","title":{"rendered":"ANUNCIA OMAR FAYAD M\u00c1S INVERSIONES\u00a0"},"content":{"rendered":"\n<p>Antes de que concluya su administraci\u00f3n, el gobernador Omar Fayad presentar\u00e1 \u201cun nuevo desarrollo con un hotel de cinco estrellas\u201d; confi\u00f3 en que tambi\u00e9n se concreten los acuerdos con diferentes corporativos internacionales que han manifestado la intenci\u00f3n de invertir en Hidalgo, anunci\u00f3 el mandatario en una entrevista realizada al concluir la Toma de compromiso del presidente de la Confederaci\u00f3n Patronal de la Rep\u00fablica Mexicana (Coparmex) de Hidalgo.<\/p>\n\n\n\n<p>Con una visi\u00f3n de futuro y trabajo constante, es como Coparmex Hidalgo debe aprovechar el nuevo rostro econ\u00f3mico que se ha forjado en el estado, afirm\u00f3 el gobernador Omar Fayad durante el acto protocolario en el que rindi\u00f3 protesta el Consejo directivo 2022-2024 del organismo empresarial.<\/p>\n\n\n\n<p>\u201cMi gobierno hizo su tarea, gener\u00f3 el ecosistema para que las empresas crezcan, hagan negocios y generen empleos para los hidalguenses\u201d, puntualiz\u00f3.<\/p>\n\n\n\n<p>A los integrantes del Consejo directivo de Coparmex Hidalgo, encabezados ahora por Juan Manuel Batres, su nuevo presidente, Fayad les dese\u00f3 el mayor de los \u00e9xitos en los siguientes dos a\u00f1os de trabajo de la Coparmex y expres\u00f3: \u201cestoy seguro que sabr\u00e1n trabajar en coordinaci\u00f3n con el nuevo gobierno estatal\u201d.<\/p>\n\n\n\n<p>Ante los representantes empresariales, el gobernador reconoci\u00f3 el trabajo de Alberto Paredes Due\u00f1as, por su disposici\u00f3n y voluntad para unir esfuerzos con el gobierno estatal, en beneficio de las empresas y de los hidalguenses, y quienes estuvieron en el d\u00eda a d\u00eda en la vida econ\u00f3mica de la entidad, pero tambi\u00e9n en los momentos m\u00e1s dif\u00edciles para la sociedad hidalguense.<\/p>\n\n\n\n<p>El presidente nacional de la Coparmex, Jos\u00e9 Medina Mora Icaza, afirm\u00f3 que M\u00e9xico necesita al sector empresarial unido para enfrentar los retos que existen en materia de crecimiento econ\u00f3mico; en dicho escenario, tomar responsabilidad como ciudadanos y empresarios va de la mano del desarrollo social, ecol\u00f3gico y sustentable.<\/p>\n\n\n\n<p>En su intervenci\u00f3n, Juan Manuel Batres Campos, presidente entrante de la Coparmex, sostuvo que deben seguir impuls\u00e1ndose acciones estrat\u00e9gicas desde el \u00e1mbito local, en las que el amor por M\u00e9xico es uno de los principales motores que impulsan el desarrollo econ\u00f3mico, de la mano con el desarrollo social.<\/p>\n","protected":false},"excerpt":{"rendered":"<p>Antes de que concluya su administraci\u00f3n, el gobernador Omar Fayad presentar\u00e1 \u201cun nuevo desarrollo con un hotel de cinco estrellas\u201d; confi\u00f3 en que tambi\u00e9n se concreten los acuerdos con diferentes corporativos internacionales que han manifestado la intenci\u00f3n de invertir en Hidalgo, anunci\u00f3 el mandatario en una entrevista realizada al concluir la Toma de compromiso del [&hellip;]<\/p>\n","protected":false},"author":93,"featured_media":222528,"comment_status":"closed","ping_status":"closed","sticky":false,"template":"","format":"standard","meta":{"footnotes":""},"categories":[15,59,2159],"tags":[],"class_list":["post-222527","post","type-post","status-publish","format-standard","has-post-thumbnail","hentry","category-destacadas","category-general","category-noticias-de-hidalgo"],"_links":{"self":[{"href":"https:\/\/plazajuarez.mx\/historico\/wp-json\/wp\/v2\/posts\/222527","targetHints":{"allow":["GET"]}}],"collection":[{"href":"https:\/\/plazajuarez.mx\/historico\/wp-json\/wp\/v2\/posts"}],"about":[{"href":"https:\/\/plazajuarez.mx\/historico\/wp-json\/wp\/v2\/types\/post"}],"author":[{"embeddable":true,"href":"https:\/\/plazajuarez.mx\/historico\/wp-json\/wp\/v2\/users\/93"}],"replies":[{"embeddable":true,"href":"https:\/\/plazajuarez.mx\/historico\/wp-json\/wp\/v2\/comments?post=222527"}],"version-history":[{"count":0,"href":"https:\/\/plazajuarez.mx\/historico\/wp-json\/wp\/v2\/posts\/222527\/revisions"}],"wp:featuredmedia":[{"embeddable":true,"href":"https:\/\/plazajuarez.mx\/historico\/wp-json\/wp\/v2\/media\/222528"}],"wp:attachment":[{"href":"https:\/\/plazajuarez.mx\/historico\/wp-json\/wp\/v2\/media?parent=222527"}],"wp:term":[{"taxonomy":"category","embeddable":true,"href":"https:\/\/plazajuarez.mx\/historico\/wp-json\/wp\/v2\/categories?post=222527"},{"taxonomy":"post_tag","embeddable":true,"href":"https:\/\/plazajuarez.mx\/historico\/wp-json\/wp\/v2\/tags?post=222527"}],"curies":[{"name":"wp","href":"https:\/\/api.w.org\/{rel}","templated":true}]}}