{"id":222524,"date":"2022-07-15T08:28:44","date_gmt":"2022-07-15T13:28:44","guid":{"rendered":"https:\/\/plazajuarez.mx\/?p=222524"},"modified":"2022-07-15T08:28:51","modified_gmt":"2022-07-15T13:28:51","slug":"denominan-a-san-felipe-orizatlan-como-pueblo-con-sabor","status":"publish","type":"post","link":"https:\/\/plazajuarez.mx\/historico\/denominan-a-san-felipe-orizatlan-como-pueblo-con-sabor\/","title":{"rendered":"Denominan a San Felipe Orizatl\u00e1n como \u201cPueblo con sabor\u201d\u00a0"},"content":{"rendered":"\n<p>La presidenta municipal de San Felipe Orizatl\u00e1n, Erika Saab Lara, asegur\u00f3 que recibir el distintivo &#8220;Pueblo con Sabor&#8221;, permitir\u00e1 fortalecer las tradiciones as\u00ed como el sector tur\u00edstico, que se traducir\u00e1 en derrama econ\u00f3mica para la demarcaci\u00f3n, en beneficio de los habitantes.<\/p>\n\n\n\n<p>En entrevista para &#8220;Al Aire&#8221;, noticiario producido por Diario Plaza Ju\u00e1rez, asegur\u00f3 que San Felipe Orizatl\u00e1n tiene el mejor pan del mundo, y en ese sentido participaron por el distintivo con el platillo &#8220;torta de queso y mantequilla&#8221;, el cual es elaborado de manera tradicional, con horno de barro y le\u00f1a; &#8220;buscamos que no se pierda la tradici\u00f3n que se ha transmitido por muchas generaciones&#8221;.<\/p>\n\n\n\n<p>Destac\u00f3 que previo a recibir el galard\u00f3n trabajaron durante meses, en coordinaci\u00f3n con la Universidad Polit\u00e9cnica de Huejutla, prestadores de servicios, panaderas y cocineros, para hacer un documento que detallara la raz\u00f3n del porqu\u00e9 el municipio podr\u00eda ser merecedor del distintivo.<\/p>\n\n\n\n<p>La alcaldesa subray\u00f3 que el galard\u00f3n permitir\u00e1 fomentar el turismo y generar derrama econ\u00f3mica, &#8220;le da difusi\u00f3n al municipio, porque adem\u00e1s tenemos eventos importantes como el Xantolo en noviembre, que se realiza de manera originaria, rescatando la esencia para que la gente disfrute, tambi\u00e9n tenemos eventos en semana santa, tenemos que apostarle al turismo a una regi\u00f3n donde no hay industria&#8221;.<\/p>\n","protected":false},"excerpt":{"rendered":"<p>La presidenta municipal de San Felipe Orizatl\u00e1n, Erika Saab Lara, asegur\u00f3 que recibir el distintivo &#8220;Pueblo con Sabor&#8221;, permitir\u00e1 fortalecer las tradiciones as\u00ed como el sector tur\u00edstico, que se traducir\u00e1 en derrama econ\u00f3mica para la demarcaci\u00f3n, en beneficio de los habitantes. En entrevista para &#8220;Al Aire&#8221;, noticiario producido por Diario Plaza Ju\u00e1rez, asegur\u00f3 que San [&hellip;]<\/p>\n","protected":false},"author":73,"featured_media":222525,"comment_status":"closed","ping_status":"closed","sticky":false,"template":"","format":"standard","meta":{"footnotes":""},"categories":[59,2159],"tags":[],"class_list":["post-222524","post","type-post","status-publish","format-standard","has-post-thumbnail","hentry","category-general","category-noticias-de-hidalgo"],"_links":{"self":[{"href":"https:\/\/plazajuarez.mx\/historico\/wp-json\/wp\/v2\/posts\/222524","targetHints":{"allow":["GET"]}}],"collection":[{"href":"https:\/\/plazajuarez.mx\/historico\/wp-json\/wp\/v2\/posts"}],"about":[{"href":"https:\/\/plazajuarez.mx\/historico\/wp-json\/wp\/v2\/types\/post"}],"author":[{"embeddable":true,"href":"https:\/\/plazajuarez.mx\/historico\/wp-json\/wp\/v2\/users\/73"}],"replies":[{"embeddable":true,"href":"https:\/\/plazajuarez.mx\/historico\/wp-json\/wp\/v2\/comments?post=222524"}],"version-history":[{"count":0,"href":"https:\/\/plazajuarez.mx\/historico\/wp-json\/wp\/v2\/posts\/222524\/revisions"}],"wp:featuredmedia":[{"embeddable":true,"href":"https:\/\/plazajuarez.mx\/historico\/wp-json\/wp\/v2\/media\/222525"}],"wp:attachment":[{"href":"https:\/\/plazajuarez.mx\/historico\/wp-json\/wp\/v2\/media?parent=222524"}],"wp:term":[{"taxonomy":"category","embeddable":true,"href":"https:\/\/plazajuarez.mx\/historico\/wp-json\/wp\/v2\/categories?post=222524"},{"taxonomy":"post_tag","embeddable":true,"href":"https:\/\/plazajuarez.mx\/historico\/wp-json\/wp\/v2\/tags?post=222524"}],"curies":[{"name":"wp","href":"https:\/\/api.w.org\/{rel}","templated":true}]}}