{"id":222521,"date":"2022-07-15T08:27:47","date_gmt":"2022-07-15T13:27:47","guid":{"rendered":"https:\/\/plazajuarez.mx\/?p=222521"},"modified":"2022-07-15T08:27:52","modified_gmt":"2022-07-15T13:27:52","slug":"autoridades-federales-revisan-proyecto-de-hospital-general","status":"publish","type":"post","link":"https:\/\/plazajuarez.mx\/historico\/autoridades-federales-revisan-proyecto-de-hospital-general\/","title":{"rendered":"Autoridades federales revisan proyecto de Hospital General"},"content":{"rendered":"\n<p>El titular de la Direcci\u00f3n de Operaci\u00f3n y Evaluaci\u00f3n (DOE), del Instituto Mexicano del Seguro Social (IMSS), Javier Guerrero Garc\u00eda, sostuvo una reuni\u00f3n de trabajo con el secretario de Gobierno, Sim\u00f3n Vargas Aguilar, en v\u00edsperas del arranque de la construcci\u00f3n del Hospital General de Zona con Medicina Familiar (HGZ\/MF) n\u00famero 5 de Tula.<\/p>\n\n\n\n<p>Dicho proyecto comenzar\u00e1 con la nueva Unidad de Medicina Familiar (UMF), con su apertura se pondr\u00e1n en marcha 10 consultorios que ofrecer\u00e1n medicina familiar y preventiva a los derechohabientes de la regi\u00f3n de Tula.&nbsp;<\/p>\n\n\n\n<p>Adem\u00e1s, al concluir su puesta en marcha, el Hospital brindar\u00e1 atenci\u00f3n con 34 especialidades, seis salas de operaciones, unidades de cuidados intensivos para adultos, pacientes pedi\u00e1tricos y neonatales, salas de anatom\u00eda patol\u00f3gica; as\u00ed como laboratorio cl\u00ednico, hemodi\u00e1lisis, quimioterapia, consultorios de medicina f\u00edsica y rehabilitaci\u00f3n, rayos X, tococirug\u00eda y urgencias.&nbsp;<\/p>\n\n\n\n<p>La reuni\u00f3n tuvo lugar en la sede del Poder Ejecutivo estatal y tambi\u00e9n estuvo presente el titular del IMSS en Hidalgo, doctor Jos\u00e9 Luis Aranza Aguilar, y el presidente municipal de Tlaxcoapan, Jaime P\u00e9rez Su\u00e1rez.<\/p>\n","protected":false},"excerpt":{"rendered":"<p>El titular de la Direcci\u00f3n de Operaci\u00f3n y Evaluaci\u00f3n (DOE), del Instituto Mexicano del Seguro Social (IMSS), Javier Guerrero Garc\u00eda, sostuvo una reuni\u00f3n de trabajo con el secretario de Gobierno, Sim\u00f3n Vargas Aguilar, en v\u00edsperas del arranque de la construcci\u00f3n del Hospital General de Zona con Medicina Familiar (HGZ\/MF) n\u00famero 5 de Tula. Dicho proyecto [&hellip;]<\/p>\n","protected":false},"author":93,"featured_media":222522,"comment_status":"closed","ping_status":"closed","sticky":false,"template":"","format":"standard","meta":{"footnotes":""},"categories":[59,2159],"tags":[],"class_list":["post-222521","post","type-post","status-publish","format-standard","has-post-thumbnail","hentry","category-general","category-noticias-de-hidalgo"],"_links":{"self":[{"href":"https:\/\/plazajuarez.mx\/historico\/wp-json\/wp\/v2\/posts\/222521","targetHints":{"allow":["GET"]}}],"collection":[{"href":"https:\/\/plazajuarez.mx\/historico\/wp-json\/wp\/v2\/posts"}],"about":[{"href":"https:\/\/plazajuarez.mx\/historico\/wp-json\/wp\/v2\/types\/post"}],"author":[{"embeddable":true,"href":"https:\/\/plazajuarez.mx\/historico\/wp-json\/wp\/v2\/users\/93"}],"replies":[{"embeddable":true,"href":"https:\/\/plazajuarez.mx\/historico\/wp-json\/wp\/v2\/comments?post=222521"}],"version-history":[{"count":0,"href":"https:\/\/plazajuarez.mx\/historico\/wp-json\/wp\/v2\/posts\/222521\/revisions"}],"wp:featuredmedia":[{"embeddable":true,"href":"https:\/\/plazajuarez.mx\/historico\/wp-json\/wp\/v2\/media\/222522"}],"wp:attachment":[{"href":"https:\/\/plazajuarez.mx\/historico\/wp-json\/wp\/v2\/media?parent=222521"}],"wp:term":[{"taxonomy":"category","embeddable":true,"href":"https:\/\/plazajuarez.mx\/historico\/wp-json\/wp\/v2\/categories?post=222521"},{"taxonomy":"post_tag","embeddable":true,"href":"https:\/\/plazajuarez.mx\/historico\/wp-json\/wp\/v2\/tags?post=222521"}],"curies":[{"name":"wp","href":"https:\/\/api.w.org\/{rel}","templated":true}]}}