{"id":222518,"date":"2022-07-15T08:25:30","date_gmt":"2022-07-15T13:25:30","guid":{"rendered":"https:\/\/plazajuarez.mx\/?p=222518"},"modified":"2022-07-15T08:25:36","modified_gmt":"2022-07-15T13:25:36","slug":"el-triunfo-sera-de-todos-vamos-a-ganar-dice-mayorga","status":"publish","type":"post","link":"https:\/\/plazajuarez.mx\/historico\/el-triunfo-sera-de-todos-vamos-a-ganar-dice-mayorga\/","title":{"rendered":"&#8220;El triunfo ser\u00e1 de todos, vamos a ganar&#8221;, dice Mayorga"},"content":{"rendered":"\n<p>El candidato de la planilla naranja, Julio Mayorga, realiz\u00f3 su cierre de campa\u00f1a en la capital del estado, con la asistencia de m\u00e1s de 6 mil trabajadoras y trabajadores de la educaci\u00f3n bajo el lema \u201cSomos Unidad\u201d, en donde se comprometi\u00f3 a trabajar de la mano de todas y todos, sin distingo.<\/p>\n\n\n\n<p>Dijo: &#8220;mi gran tarea desde la Secretar\u00eda General y la asumo con todas y todos ustedes aqu\u00ed presentes el d\u00eda de hoy, ser\u00e1 la de convertirme en el primer servidor del gremio, predicando con el ejemplo, atendiendo a ras de piso a ras de escuela, con respeto, cari\u00f1o y eficiencia desde el personal de apoyo hasta el jefe de sector\u201d.<\/p>\n\n\n\n<p>A\u00f1adi\u00f3: &#8220;es necesario dejar muy claro que nada ni nadie est\u00e1 por encima de la instituci\u00f3n, que nada ni nadie puede disponer de la autonom\u00eda sindical por intereses personales\u201d.<\/p>\n\n\n\n<p>Inform\u00f3 que se lograron reunir con las 10 organizaciones, donde pudo llevar su mensaje y propuestas a todo el estado; \u201cpero m\u00e1s importante, fuimos no a presentarnos, fuimos a ponernos a sus \u00f3rdenes de manera personal, porque s\u00f3lo de manera personal podemos dialogar y comunicar nuestras propuestas\u201d, dijo.<\/p>\n","protected":false},"excerpt":{"rendered":"<p>El candidato de la planilla naranja, Julio Mayorga, realiz\u00f3 su cierre de campa\u00f1a en la capital del estado, con la asistencia de m\u00e1s de 6 mil trabajadoras y trabajadores de la educaci\u00f3n bajo el lema \u201cSomos Unidad\u201d, en donde se comprometi\u00f3 a trabajar de la mano de todas y todos, sin distingo. Dijo: &#8220;mi gran [&hellip;]<\/p>\n","protected":false},"author":93,"featured_media":222519,"comment_status":"closed","ping_status":"closed","sticky":false,"template":"","format":"standard","meta":{"footnotes":""},"categories":[59,2159],"tags":[],"class_list":["post-222518","post","type-post","status-publish","format-standard","has-post-thumbnail","hentry","category-general","category-noticias-de-hidalgo"],"_links":{"self":[{"href":"https:\/\/plazajuarez.mx\/historico\/wp-json\/wp\/v2\/posts\/222518","targetHints":{"allow":["GET"]}}],"collection":[{"href":"https:\/\/plazajuarez.mx\/historico\/wp-json\/wp\/v2\/posts"}],"about":[{"href":"https:\/\/plazajuarez.mx\/historico\/wp-json\/wp\/v2\/types\/post"}],"author":[{"embeddable":true,"href":"https:\/\/plazajuarez.mx\/historico\/wp-json\/wp\/v2\/users\/93"}],"replies":[{"embeddable":true,"href":"https:\/\/plazajuarez.mx\/historico\/wp-json\/wp\/v2\/comments?post=222518"}],"version-history":[{"count":0,"href":"https:\/\/plazajuarez.mx\/historico\/wp-json\/wp\/v2\/posts\/222518\/revisions"}],"wp:featuredmedia":[{"embeddable":true,"href":"https:\/\/plazajuarez.mx\/historico\/wp-json\/wp\/v2\/media\/222519"}],"wp:attachment":[{"href":"https:\/\/plazajuarez.mx\/historico\/wp-json\/wp\/v2\/media?parent=222518"}],"wp:term":[{"taxonomy":"category","embeddable":true,"href":"https:\/\/plazajuarez.mx\/historico\/wp-json\/wp\/v2\/categories?post=222518"},{"taxonomy":"post_tag","embeddable":true,"href":"https:\/\/plazajuarez.mx\/historico\/wp-json\/wp\/v2\/tags?post=222518"}],"curies":[{"name":"wp","href":"https:\/\/api.w.org\/{rel}","templated":true}]}}