{"id":222515,"date":"2022-07-15T08:24:29","date_gmt":"2022-07-15T13:24:29","guid":{"rendered":"https:\/\/plazajuarez.mx\/?p=222515"},"modified":"2022-07-15T08:24:34","modified_gmt":"2022-07-15T13:24:34","slug":"representantes-indigenas-opinan-para-la-adscripcion-de-candidatos","status":"publish","type":"post","link":"https:\/\/plazajuarez.mx\/historico\/representantes-indigenas-opinan-para-la-adscripcion-de-candidatos\/","title":{"rendered":"Representantes ind\u00edgenas opinan para la adscripci\u00f3n de candidatos"},"content":{"rendered":"\n<p>Durante la reuni\u00f3n consultiva estatal que realiz\u00f3 el Instituto Nacional Electoral (INE) en Hidalgo en materia de autoadscripci\u00f3n calificada para la postulaci\u00f3n de candidaturas a cargos federales de elecci\u00f3n popular, representantes de comunidades y pueblos ind\u00edgenas de San Ildefonso, Metztitl\u00e1n y Francisco I. Madero, se&nbsp; pronunciaron a favor de que las personas que busquen postularse para un puesto p\u00fablico mediante una candidatura ind\u00edgena, sean originarios de comunidad ind\u00edgena, hablen la lengua y adem\u00e1s se hayan desempe\u00f1ado en un cargo tradicional.<\/p>\n\n\n\n<p>Adem\u00e1s, consideran necesario que la persona acredite servicio comunitario, que sean descendientes de personas de la comunidad y que hayan participado en faenas. Lo anterior, luego de abrirse la puerta para que fueran escuchados rumbo a la reforma electoral en materia ind\u00edgena que se busca para la siguiente elecci\u00f3n.<\/p>\n\n\n\n<p>En el encuentro fueron escuchados los planteamientos y propuestas de las personas ind\u00edgenas, quienes expusieron sus formas de organizaci\u00f3n y propusieron algunos de los mecanismos que consideran deben acreditarse para garantizar que las&nbsp; personas que quieran hacer uso de la acci\u00f3n afirmativa sean ind\u00edgenas.<\/p>\n\n\n\n<p>Cabe destacar que en el tema de las organizaciones civiles la discusi\u00f3n fue mayor debido a que algunos se\u00f1alaron que no basta con que la persona interesada en la candidatura pertenezca a las asociaciones ya que en reiteradas ocasiones est\u00e1s ven por intereses de otros grupos muy ajenos al sector ind\u00edgena.<\/p>\n","protected":false},"excerpt":{"rendered":"<p>Durante la reuni\u00f3n consultiva estatal que realiz\u00f3 el Instituto Nacional Electoral (INE) en Hidalgo en materia de autoadscripci\u00f3n calificada para la postulaci\u00f3n de candidaturas a cargos federales de elecci\u00f3n popular, representantes de comunidades y pueblos ind\u00edgenas de San Ildefonso, Metztitl\u00e1n y Francisco I. Madero, se&nbsp; pronunciaron a favor de que las personas que busquen postularse [&hellip;]<\/p>\n","protected":false},"author":72,"featured_media":222516,"comment_status":"closed","ping_status":"closed","sticky":false,"template":"","format":"standard","meta":{"footnotes":""},"categories":[59,2159],"tags":[],"class_list":["post-222515","post","type-post","status-publish","format-standard","has-post-thumbnail","hentry","category-general","category-noticias-de-hidalgo"],"_links":{"self":[{"href":"https:\/\/plazajuarez.mx\/historico\/wp-json\/wp\/v2\/posts\/222515","targetHints":{"allow":["GET"]}}],"collection":[{"href":"https:\/\/plazajuarez.mx\/historico\/wp-json\/wp\/v2\/posts"}],"about":[{"href":"https:\/\/plazajuarez.mx\/historico\/wp-json\/wp\/v2\/types\/post"}],"author":[{"embeddable":true,"href":"https:\/\/plazajuarez.mx\/historico\/wp-json\/wp\/v2\/users\/72"}],"replies":[{"embeddable":true,"href":"https:\/\/plazajuarez.mx\/historico\/wp-json\/wp\/v2\/comments?post=222515"}],"version-history":[{"count":0,"href":"https:\/\/plazajuarez.mx\/historico\/wp-json\/wp\/v2\/posts\/222515\/revisions"}],"wp:featuredmedia":[{"embeddable":true,"href":"https:\/\/plazajuarez.mx\/historico\/wp-json\/wp\/v2\/media\/222516"}],"wp:attachment":[{"href":"https:\/\/plazajuarez.mx\/historico\/wp-json\/wp\/v2\/media?parent=222515"}],"wp:term":[{"taxonomy":"category","embeddable":true,"href":"https:\/\/plazajuarez.mx\/historico\/wp-json\/wp\/v2\/categories?post=222515"},{"taxonomy":"post_tag","embeddable":true,"href":"https:\/\/plazajuarez.mx\/historico\/wp-json\/wp\/v2\/tags?post=222515"}],"curies":[{"name":"wp","href":"https:\/\/api.w.org\/{rel}","templated":true}]}}