{"id":222513,"date":"2022-07-15T08:23:00","date_gmt":"2022-07-15T13:23:00","guid":{"rendered":"https:\/\/plazajuarez.mx\/?p=222513"},"modified":"2022-07-15T08:23:07","modified_gmt":"2022-07-15T13:23:07","slug":"no-son-iguales","status":"publish","type":"post","link":"https:\/\/plazajuarez.mx\/historico\/no-son-iguales\/","title":{"rendered":"NO SON IGUALES"},"content":{"rendered":"\n<h2 class=\"wp-block-heading\">ALFIL NEGRO<\/h2>\n\n\n\n<p>Los d\u00edas en su duraci\u00f3n<\/p>\n\n\n\n<p>son iguales uno y otro,<\/p>\n\n\n\n<p>24 horas que pasan<\/p>\n\n\n\n<p>para que gire la tierra,<\/p>\n\n\n\n<p>en un rito que ya dura<\/p>\n\n\n\n<p>cinco mil millones de a\u00f1os,<\/p>\n\n\n\n<p>con exactitud que tiene<\/p>\n\n\n\n<p>gracias a ese engranaje<\/p>\n\n\n\n<p>del relojero supremo.<\/p>\n\n\n\n<p>Y en palabras muy sencillas<\/p>\n\n\n\n<p>un d\u00eda empieza con el sol,<\/p>\n\n\n\n<p>y termina cuando vemos<\/p>\n\n\n\n<p>que ese sol nos abandona,<\/p>\n\n\n\n<p>y nos cobijan las sombras<\/p>\n\n\n\n<p>con sus paisajes de miedo,<\/p>\n\n\n\n<p>pero campo para Estrellas<\/p>\n\n\n\n<p>para cometas y luces.<\/p>\n\n\n\n<p>As\u00ed los d\u00edas son iguales<\/p>\n\n\n\n<p>con paisajes diferentes,<\/p>\n\n\n\n<p>madrugadas silenciosas<\/p>\n\n\n\n<p>y ma\u00f1anas fr\u00edas y frescas,<\/p>\n\n\n\n<p>al mediod\u00eda el sol muy fuerte<\/p>\n\n\n\n<p>Por la tarde todo cambia,<\/p>\n\n\n\n<p>y as\u00ed un d\u00eda y otro d\u00eda<\/p>\n\n\n\n<p>todos iguales parecen.<\/p>\n\n\n\n<p>Pero nosotros sabemos<\/p>\n\n\n\n<p>que no todos son iguales,<\/p>\n\n\n\n<p>que cada d\u00eda es muy distinto<\/p>\n\n\n\n<p>del que se fue y del que viene.<\/p>\n\n\n\n<p>Hay d\u00edas que son todos luces<\/p>\n\n\n\n<p>tan brillantes tan hermosos,<\/p>\n\n\n\n<p>los ojos de nuestra novia<\/p>\n\n\n\n<p>que aceptaba ser la esposa<\/p>\n\n\n\n<p>para caminar la vida.<\/p>\n\n\n\n<p>Y luego ese d\u00eda bendito<\/p>\n\n\n\n<p>en que nacieron los hijos<\/p>\n\n\n\n<p>tan peque\u00f1os, tan hermosos,<\/p>\n\n\n\n<p>que aunque ya hayan crecido<\/p>\n\n\n\n<p>siempre ser\u00e1n nuestros ni\u00f1os.<\/p>\n\n\n\n<p>D\u00edas de luces y alegr\u00eda<\/p>\n\n\n\n<p>navidades y cumplea\u00f1os,<\/p>\n\n\n\n<p>graduaciones y la dicha<\/p>\n\n\n\n<p>de cantar con la familia,<\/p>\n\n\n\n<p>de visitar a los amigos,<\/p>\n\n\n\n<p>los recuerdos de la escuela<\/p>\n\n\n\n<p>los deportes y colores<\/p>\n\n\n\n<p>que iluminen nuestro cielo.<\/p>\n\n\n\n<p>Pero a la luz sigue la sombra,<\/p>\n\n\n\n<p>a las risas sigue el llanto,<\/p>\n\n\n\n<p>esos d\u00edas sabor amargo<\/p>\n\n\n\n<p>cuando se fueron los padres,<\/p>\n\n\n\n<p>el d\u00eda terrible y oscuro<\/p>\n\n\n\n<p>en que perdimos un hijo,<\/p>\n\n\n\n<p>el d\u00eda de dolor y pena<\/p>\n\n\n\n<p>cuando se fue nuestro Hermano.<\/p>\n\n\n\n<p>No, no todos son iguales,<\/p>\n\n\n\n<p>cada d\u00eda tiene su historia,<\/p>\n\n\n\n<p>y son una agenda propia<\/p>\n\n\n\n<p>que escribimos hora a hora,<\/p>\n\n\n\n<p>muchas veces de colores<\/p>\n\n\n\n<p>muchas veces de dolores.<\/p>\n\n\n\n<p>Y un mismo d\u00eda es tan distinto<\/p>\n\n\n\n<p>que para uno es alegr\u00eda,<\/p>\n\n\n\n<p>y para el que vive enfrente<\/p>\n\n\n\n<p>Ser\u00e1 un d\u00eda de agon\u00eda.<\/p>\n\n\n\n<p>En una casa las risas<\/p>\n\n\n\n<p>en otra casa los rezos,<\/p>\n\n\n\n<p>en una la bienvenida<\/p>\n\n\n\n<p>y en otra la despedida.<\/p>\n\n\n\n<p>Y aunque en horas son iguales,<\/p>\n\n\n\n<p>hay d\u00edas con cara de eternos,<\/p>\n\n\n\n<p>cuando el dolor nos lastima<\/p>\n\n\n\n<p>y se pierde la esperanza,<\/p>\n\n\n\n<p>y otros d\u00edas que se resbalan<\/p>\n\n\n\n<p>peces de piel con escamas,<\/p>\n\n\n\n<p>que quisi\u00e9ramos eternos<\/p>\n\n\n\n<p>pero que tambi\u00e9n acaban.<\/p>\n\n\n\n<p>No, no todos son iguales,<\/p>\n\n\n\n<p>aunque tengan igual cara,<\/p>\n\n\n\n<p>hay d\u00edas blancos y d\u00edas negros,<\/p>\n\n\n\n<p>d\u00edas que marcan hierros rojos<\/p>\n\n\n\n<p>y d\u00edas con cara de ni\u00f1os<\/p>\n\n\n\n<p>inocentes de dulzura.<\/p>\n\n\n\n<p>Hay un d\u00eda en que todo empieza<\/p>\n\n\n\n<p>y un d\u00eda en que todo termina,<\/p>\n\n\n\n<p>S\u00f3lo espero que al marcharme,<\/p>\n\n\n\n<p>tenga la misma alegr\u00eda<\/p>\n\n\n\n<p>que en el d\u00eda de la llegada .<\/p>\n","protected":false},"excerpt":{"rendered":"<p>ALFIL NEGRO Los d\u00edas en su duraci\u00f3n son iguales uno y otro, 24 horas que pasan para que gire la tierra, en un rito que ya dura cinco mil millones de a\u00f1os, con exactitud que tiene gracias a ese engranaje del relojero supremo. Y en palabras muy sencillas un d\u00eda empieza con el sol, y [&hellip;]<\/p>\n","protected":false},"author":83,"featured_media":208526,"comment_status":"closed","ping_status":"closed","sticky":false,"template":"","format":"standard","meta":{"footnotes":""},"categories":[48,42],"tags":[],"class_list":["post-222513","post","type-post","status-publish","format-standard","has-post-thumbnail","hentry","category-adalberto-peralta","category-nuestrapalabra"],"_links":{"self":[{"href":"https:\/\/plazajuarez.mx\/historico\/wp-json\/wp\/v2\/posts\/222513","targetHints":{"allow":["GET"]}}],"collection":[{"href":"https:\/\/plazajuarez.mx\/historico\/wp-json\/wp\/v2\/posts"}],"about":[{"href":"https:\/\/plazajuarez.mx\/historico\/wp-json\/wp\/v2\/types\/post"}],"author":[{"embeddable":true,"href":"https:\/\/plazajuarez.mx\/historico\/wp-json\/wp\/v2\/users\/83"}],"replies":[{"embeddable":true,"href":"https:\/\/plazajuarez.mx\/historico\/wp-json\/wp\/v2\/comments?post=222513"}],"version-history":[{"count":0,"href":"https:\/\/plazajuarez.mx\/historico\/wp-json\/wp\/v2\/posts\/222513\/revisions"}],"wp:featuredmedia":[{"embeddable":true,"href":"https:\/\/plazajuarez.mx\/historico\/wp-json\/wp\/v2\/media\/208526"}],"wp:attachment":[{"href":"https:\/\/plazajuarez.mx\/historico\/wp-json\/wp\/v2\/media?parent=222513"}],"wp:term":[{"taxonomy":"category","embeddable":true,"href":"https:\/\/plazajuarez.mx\/historico\/wp-json\/wp\/v2\/categories?post=222513"},{"taxonomy":"post_tag","embeddable":true,"href":"https:\/\/plazajuarez.mx\/historico\/wp-json\/wp\/v2\/tags?post=222513"}],"curies":[{"name":"wp","href":"https:\/\/api.w.org\/{rel}","templated":true}]}}