{"id":222510,"date":"2022-07-15T08:21:03","date_gmt":"2022-07-15T13:21:03","guid":{"rendered":"https:\/\/plazajuarez.mx\/?p=222510"},"modified":"2022-07-15T08:21:03","modified_gmt":"2022-07-15T13:21:03","slug":"mexicanos-susceptibles-con-mayor-frecuencia-a-padecer-glaucoma","status":"publish","type":"post","link":"https:\/\/plazajuarez.mx\/historico\/mexicanos-susceptibles-con-mayor-frecuencia-a-padecer-glaucoma\/","title":{"rendered":"Mexicanos, susceptibles con mayor frecuencia a padecer glaucoma"},"content":{"rendered":"\n<p>En M\u00e9xico hay cerca de un mill\u00f3n y medio de personas que padecen glaucoma y de acuerdo con algunas estad\u00edsticas de la Organizaci\u00f3n Mundial de la Salud (OMS), en el mundo pueden ser hasta 60 millones.<\/p>\n\n\n\n<p>El glaucoma es &#8220;una enfermedad neurodegenerativa que ataca o compromete al nervio \u00f3ptico y en ese proceso puede tener manifestaciones como la reducci\u00f3n del campo de visi\u00f3n de los pacientes, y puede estar o no asociada a la presi\u00f3n que maneja el ojo; es decir, una hipertensi\u00f3n ocular que si es sostenida, puede desarrollar un glaucoma&#8221;, indic\u00f3 la oftalm\u00f3loga adscrita a la Coordinaci\u00f3n de Investigaci\u00f3n del Departamento de Cirug\u00eda de la Facultad de Medicina, de la Universidad Nacional Aut\u00f3noma de M\u00e9xico (UNAM), Adriana Hern\u00e1ndez L\u00f3pez.<\/p>\n\n\n\n<p>Para la especialista, este padecimiento ocular es asintom\u00e1tico, gradual y dif\u00edcil de identificar, el cual genera cambios en la vista hasta que se encuentra en una etapa avanzada por lo que se convierte en la segunda causa de ceguera en el mundo, despu\u00e9s de las cataratas, explica la UNAM por medio de un comunicado. &#8220;Hay caracter\u00edsticas raciales que hacen a las poblaciones afroamericana e hispana, blanco del glaucoma. Yo dir\u00eda que los mexicanos somos susceptibles con mayor frecuencia a esta enfermedad&#8221;, afirm\u00f3.<\/p>\n\n\n\n<p>La prevenci\u00f3n y el diagn\u00f3stico oportuno y personalizado puede cambiar el curso natural de la enfermedad, la cual es irreversible. &#8220;Es importante visitar al oftalm\u00f3logo por lo menos una vez al a\u00f1o para detectarla en etapas tempranas&#8221;, recomend\u00f3 la investigadora de la UNAM.<\/p>\n\n\n\n<p>Entre los s\u00edntomas que se pueden presentar se encuentra el enrojecimiento y dolor de ojos y cabeza, n\u00e1useas, v\u00f3mito, visi\u00f3n borrosa y halos alrededor de las luces, precisa el bolet\u00edn.<\/p>\n\n\n\n<p>Las personas que podr\u00edan padecer glaucoma son aquellas que tienen antecedentes familiares en l\u00ednea directa, por lo que existe hasta un 10 por ciento m\u00e1s posibilidades de presentarlo, la edad (especialmente despu\u00e9s de los 40 a\u00f1os con un foco importante a los 60), la diabetes, hipertensi\u00f3n, alteraciones en triglic\u00e9ridos y colesterol, consumo de tabaco y de alcohol; miop\u00eda, hipermetrop\u00eda, traumatismos oculares o craneoencef\u00e1licos.<\/p>\n\n\n\n<p>El tratamiento puede incluir cirug\u00eda, l\u00e1ser o medicaci\u00f3n, dependiendo de la evoluci\u00f3n y severidad de la afecci\u00f3n.<\/p>\n","protected":false},"excerpt":{"rendered":"<p>En M\u00e9xico hay cerca de un mill\u00f3n y medio de personas que padecen glaucoma y de acuerdo con algunas estad\u00edsticas de la Organizaci\u00f3n Mundial de la Salud (OMS), en el mundo pueden ser hasta 60 millones. El glaucoma es &#8220;una enfermedad neurodegenerativa que ataca o compromete al nervio \u00f3ptico y en ese proceso puede tener [&hellip;]<\/p>\n","protected":false},"author":81,"featured_media":222511,"comment_status":"closed","ping_status":"","sticky":false,"template":"","format":"standard","meta":{"footnotes":""},"categories":[15,59,2159],"tags":[],"class_list":["post-222510","post","type-post","status-publish","format-standard","has-post-thumbnail","hentry","category-destacadas","category-general","category-noticias-de-hidalgo"],"_links":{"self":[{"href":"https:\/\/plazajuarez.mx\/historico\/wp-json\/wp\/v2\/posts\/222510","targetHints":{"allow":["GET"]}}],"collection":[{"href":"https:\/\/plazajuarez.mx\/historico\/wp-json\/wp\/v2\/posts"}],"about":[{"href":"https:\/\/plazajuarez.mx\/historico\/wp-json\/wp\/v2\/types\/post"}],"author":[{"embeddable":true,"href":"https:\/\/plazajuarez.mx\/historico\/wp-json\/wp\/v2\/users\/81"}],"replies":[{"embeddable":true,"href":"https:\/\/plazajuarez.mx\/historico\/wp-json\/wp\/v2\/comments?post=222510"}],"version-history":[{"count":0,"href":"https:\/\/plazajuarez.mx\/historico\/wp-json\/wp\/v2\/posts\/222510\/revisions"}],"wp:featuredmedia":[{"embeddable":true,"href":"https:\/\/plazajuarez.mx\/historico\/wp-json\/wp\/v2\/media\/222511"}],"wp:attachment":[{"href":"https:\/\/plazajuarez.mx\/historico\/wp-json\/wp\/v2\/media?parent=222510"}],"wp:term":[{"taxonomy":"category","embeddable":true,"href":"https:\/\/plazajuarez.mx\/historico\/wp-json\/wp\/v2\/categories?post=222510"},{"taxonomy":"post_tag","embeddable":true,"href":"https:\/\/plazajuarez.mx\/historico\/wp-json\/wp\/v2\/tags?post=222510"}],"curies":[{"name":"wp","href":"https:\/\/api.w.org\/{rel}","templated":true}]}}