{"id":222503,"date":"2022-07-14T16:29:22","date_gmt":"2022-07-14T21:29:22","guid":{"rendered":"https:\/\/plazajuarez.mx\/?p=222503"},"modified":"2022-07-14T16:30:45","modified_gmt":"2022-07-14T21:30:45","slug":"checo_perez-13","status":"publish","type":"post","link":"https:\/\/plazajuarez.mx\/historico\/checo_perez-13\/","title":{"rendered":"Exjefe de &#8220;Checo&#8221; P\u00e9rez es sentenciado a prisi\u00f3n en la India"},"content":{"rendered":"\n<p>Vijay Mallya, antiguo due\u00f1o de Force India fue condenado a prisi\u00f3n en la India por desobedecer una sentencia judicial relacionada con la quiebra de su compa\u00f1\u00eda a\u00e9rea.<\/p>\n\n\n\n<p>La justicia de la India conden\u00f3 al empresario a cuatro meses de carcel, mismo que por ahora no podr\u00e1 cumplir por no estar en su pa\u00eds.<\/p>\n\n\n\n<p>El magnate fue due\u00f1o del equipo Force India, escuder\u00eda en la que disput\u00f3 198 carreras y logr\u00f3 seis podios, la mayor\u00eda gracia al piloto mexicano Sergio &#8220;Checo&#8221; P\u00e9rez.\u00a0<\/p>\n\n\n\n<p>Mallya se encuentra en Reino Unido y ante la notificaci\u00f3n de las autoridades se plantea por parte de las autoridades brit\u00e1nicas ser extraditado para enfrentar sus procesos penales.<\/p>\n","protected":false},"excerpt":{"rendered":"<p>Vijay Mallya, antiguo due\u00f1o de Force India fue condenado a prisi\u00f3n en la India por desobedecer una sentencia judicial relacionada con la quiebra de su compa\u00f1\u00eda a\u00e9rea. La justicia de la India conden\u00f3 al empresario a cuatro meses de carcel, mismo que por ahora no podr\u00e1 cumplir por no estar en su pa\u00eds. El magnate [&hellip;]<\/p>\n","protected":false},"author":81,"featured_media":222504,"comment_status":"closed","ping_status":"closed","sticky":false,"template":"","format":"standard","meta":{"footnotes":""},"categories":[39],"tags":[],"class_list":["post-222503","post","type-post","status-publish","format-standard","has-post-thumbnail","hentry","category-deportiva"],"_links":{"self":[{"href":"https:\/\/plazajuarez.mx\/historico\/wp-json\/wp\/v2\/posts\/222503","targetHints":{"allow":["GET"]}}],"collection":[{"href":"https:\/\/plazajuarez.mx\/historico\/wp-json\/wp\/v2\/posts"}],"about":[{"href":"https:\/\/plazajuarez.mx\/historico\/wp-json\/wp\/v2\/types\/post"}],"author":[{"embeddable":true,"href":"https:\/\/plazajuarez.mx\/historico\/wp-json\/wp\/v2\/users\/81"}],"replies":[{"embeddable":true,"href":"https:\/\/plazajuarez.mx\/historico\/wp-json\/wp\/v2\/comments?post=222503"}],"version-history":[{"count":0,"href":"https:\/\/plazajuarez.mx\/historico\/wp-json\/wp\/v2\/posts\/222503\/revisions"}],"wp:featuredmedia":[{"embeddable":true,"href":"https:\/\/plazajuarez.mx\/historico\/wp-json\/wp\/v2\/media\/222504"}],"wp:attachment":[{"href":"https:\/\/plazajuarez.mx\/historico\/wp-json\/wp\/v2\/media?parent=222503"}],"wp:term":[{"taxonomy":"category","embeddable":true,"href":"https:\/\/plazajuarez.mx\/historico\/wp-json\/wp\/v2\/categories?post=222503"},{"taxonomy":"post_tag","embeddable":true,"href":"https:\/\/plazajuarez.mx\/historico\/wp-json\/wp\/v2\/tags?post=222503"}],"curies":[{"name":"wp","href":"https:\/\/api.w.org\/{rel}","templated":true}]}}