{"id":222500,"date":"2022-07-14T15:34:12","date_gmt":"2022-07-14T20:34:12","guid":{"rendered":"https:\/\/plazajuarez.mx\/?p=222500"},"modified":"2022-07-14T15:34:19","modified_gmt":"2022-07-14T20:34:19","slug":"dani_alve","status":"publish","type":"post","link":"https:\/\/plazajuarez.mx\/historico\/dani_alve\/","title":{"rendered":"Dani Alves defiende a su esposa y deja en suspenso su fichaje a Pumas"},"content":{"rendered":"\n<p>Dani Alves sigue sin equipo, por lo que la noticia de su llegada a la Liga MX al fichar con Pumas se mantiene en suspenso, sin embargo, la esposa del futbolista, Joana Sanz, comparti\u00f3 un mensaje al respecto.<\/p>\n\n\n\n<p>La pol\u00e9mica surgi\u00f3 cuando Sanz subi\u00f3 una foto en su cuenta de Instagram donde se observaba a Alves brindando con una copa, en los comentarios destac\u00f3 uno que dec\u00eda, &#8220;\u00bfUn brindis por el fichaje de Pumas?&#8221;, a lo que Sanz respondi\u00f3 con &#8220;No inventen&#8221;.<\/p>\n\n\n\n<p>Dicha respuesta gener\u00f3 que la afici\u00f3n de los felinos la se\u00f1alaran como la responsable que Dani Alves no se decida por llegar al conjunto del Pedregal.<\/p>\n\n\n\n<p>Por lo que el propio futbolista se encarg\u00f3 de defender a su esposa y en Twitter escribi\u00f3, &#8220;No s\u00e9 qu\u00e9 pasar\u00e1 pero, solo dijo que no inventen\u2026 as\u00ed que no jodan e viva M\u00e9xico ca\u2026&#8221;.<\/p>\n\n\n\n<p>Mensaje de Joana Sanz<\/p>\n\n\n\n<p>Joana Sanz tambi\u00e9n decidi\u00f3 manifestar su postura en Instagram ante la pol\u00e9mica que ha surgido, donde arremeti\u00f3 contra la prensa por sus suposiciones.<\/p>\n\n\n\n<p>&#8220;Periodistas que si no tienen la noticia se la inventan. Me gustar\u00eda saber por qu\u00e9 siempre se le achacan a las mujeres los \u00e9xitos, fracasos o decisiones de los hombres. No opino en decisiones que pueden interferir de manera negativa en el futuro de alguien, porque si se da esa negativa, no quiero que miren para mi lado&#8221;, se lee en una storie.<\/p>\n\n\n\n<p>Sanz dej\u00f3 entrever que no saldr\u00eda de Europa, aunque ella apoyar\u00e1 a su pareja en lo que mejor le convenga.<\/p>\n\n\n\n<p>&#8220;Ese deseo que me adjudican me resulta gracioso, ya que nunca tendr\u00eda como deseo de destino un pa\u00eds fuera de Europa. Aqu\u00ed no depende lo que yo desee o venga mejor, depende el objetivo que tiene por cumplir mi pareja y que yo apoyo sobre cualquier cosa.<\/p>\n\n\n\n<p>Finalmente, Joana concluy\u00f3: &#8220;Respeten con el respeto que todos nos merecemos&#8221;.<\/p>\n","protected":false},"excerpt":{"rendered":"<p>Dani Alves sigue sin equipo, por lo que la noticia de su llegada a la Liga MX al fichar con Pumas se mantiene en suspenso, sin embargo, la esposa del futbolista, Joana Sanz, comparti\u00f3 un mensaje al respecto. La pol\u00e9mica surgi\u00f3 cuando Sanz subi\u00f3 una foto en su cuenta de Instagram donde se observaba a [&hellip;]<\/p>\n","protected":false},"author":81,"featured_media":222501,"comment_status":"closed","ping_status":"closed","sticky":false,"template":"","format":"standard","meta":{"footnotes":""},"categories":[39],"tags":[],"class_list":["post-222500","post","type-post","status-publish","format-standard","has-post-thumbnail","hentry","category-deportiva"],"_links":{"self":[{"href":"https:\/\/plazajuarez.mx\/historico\/wp-json\/wp\/v2\/posts\/222500","targetHints":{"allow":["GET"]}}],"collection":[{"href":"https:\/\/plazajuarez.mx\/historico\/wp-json\/wp\/v2\/posts"}],"about":[{"href":"https:\/\/plazajuarez.mx\/historico\/wp-json\/wp\/v2\/types\/post"}],"author":[{"embeddable":true,"href":"https:\/\/plazajuarez.mx\/historico\/wp-json\/wp\/v2\/users\/81"}],"replies":[{"embeddable":true,"href":"https:\/\/plazajuarez.mx\/historico\/wp-json\/wp\/v2\/comments?post=222500"}],"version-history":[{"count":0,"href":"https:\/\/plazajuarez.mx\/historico\/wp-json\/wp\/v2\/posts\/222500\/revisions"}],"wp:featuredmedia":[{"embeddable":true,"href":"https:\/\/plazajuarez.mx\/historico\/wp-json\/wp\/v2\/media\/222501"}],"wp:attachment":[{"href":"https:\/\/plazajuarez.mx\/historico\/wp-json\/wp\/v2\/media?parent=222500"}],"wp:term":[{"taxonomy":"category","embeddable":true,"href":"https:\/\/plazajuarez.mx\/historico\/wp-json\/wp\/v2\/categories?post=222500"},{"taxonomy":"post_tag","embeddable":true,"href":"https:\/\/plazajuarez.mx\/historico\/wp-json\/wp\/v2\/tags?post=222500"}],"curies":[{"name":"wp","href":"https:\/\/api.w.org\/{rel}","templated":true}]}}