{"id":222498,"date":"2022-07-14T15:29:41","date_gmt":"2022-07-14T20:29:41","guid":{"rendered":"https:\/\/plazajuarez.mx\/?p=222498"},"modified":"2022-07-14T15:29:47","modified_gmt":"2022-07-14T20:29:47","slug":"amlo_politica-2","status":"publish","type":"post","link":"https:\/\/plazajuarez.mx\/historico\/amlo_politica-2\/","title":{"rendered":"No recibir\u00e9 ni a mis hijos si me llevan algo sobre pol\u00edtica: AMLO"},"content":{"rendered":"\n<p>El presidente Andr\u00e9s Manuel L\u00f3pez Obrador afirm\u00f3 que se est\u00e1 &#8220;aplicando de manera intensa&#8221; el tiempo que le resta de gobierno para que no quede nada pendiente y se pueda ir con su conciencia tranquila de haber servido al pueblo de M\u00e9xico.<\/p>\n\n\n\n<p>En conferencia de prensa, el Mandatario federal reiter\u00f3 que se jubilar\u00e1 de todo actividad pol\u00edtica cuando termine su sexenio, en septiembre de 2024, y que no recib\u00eda a ning\u00fan pol\u00edtico, ni dirigentes sociales, ni simpatizantes de su movimiento, e incluso, asegur\u00f3 que si sus hijos le llevan algo que tenga que ver con pol\u00edtica, lo rechazar\u00e1, pues afirm\u00f3 que &#8220;ya hay relevo generacional&#8221;.<\/p>\n\n\n\n<p>Afirm\u00f3 que, adem\u00e1s de escribir libros, dedicar\u00e1 su tiempo a estar admirando las plantas, \u00e1rboles, hacer ejercicio, se despedir\u00e1 de las redes sociales.<\/p>\n\n\n\n<p>&#8220;Yo termino a finales de septiembre y me jubilo, no vuelvo a la actividad p\u00fablica, pol\u00edtica, no voy aceptar ni siquiera invitaciones a conferencias, no voy a visitar universidades, no voy a asistir a ning\u00fan acto p\u00fablico, pol\u00edtico, aunque se trate de amigos, aunque se trate de familiares.<\/p>\n\n\n\n<p>&#8220;Yo concluyo mi ciclo a finales de septiembre del 24, por eso el tiempo que me queda lo estoy utilizando de manera intensa, me estoy aplicando para que no quede nada pendiente y pueda yo ir con mi consciencia tranquila de haber servido a m\u00ed pa\u00eds, a mi pueblo y no pienso continuar en la pol\u00edtica (\u2026) Y voy a poder tambi\u00e9n estar viendo, mirando, admirando las plantas, los \u00e1rboles, los p\u00e1jaros, haciendo mis ejercicios para estar en forma, pero no saliendo, y desde luego sin contestarle a nadie, sin dar ninguna opini\u00f3n, me voy a despedir de las redes sociales.<\/p>\n\n\n\n<p>&#8220;Tambi\u00e9n, no por groser\u00eda, sino porque si no lo hago as\u00ed me costar\u00eda m\u00e1s trabajo, no voy a recibir a pol\u00edticos, no voy a recibir a dirigentes ni simpatizantes de nuestro movimiento, ni a mis hijos, si me llevan algo que tenga que ver con la pol\u00edtica, no. Y termino porque tambi\u00e9n no hay que tenerlo mucho apego ni al poder ni al dinero. Ya termina uno su ciclo, vienen nuevas generaciones, hay relevo generacional. Estoy muy contento porque hay muchos buenos dirigentes, mujeres y hombres&#8221;, dijo.<\/p>\n\n\n\n<p>En el sal\u00f3n Tesorer\u00eda de Palacio Nacional, el Mandatario federal asegur\u00f3 que est\u00e1 contento porque las nuevas generaciones &#8220;vienen, pero muy entusiasmados, convencidos y muy inteligentes&#8221;.<\/p>\n\n\n\n<p>&#8220;Los veo, los disfruto, los gozo en las redes sociales. Tienen mucha capacidad para argumentar. Es un renacimiento de la pol\u00edtica y tambi\u00e9n del periodismo, es una revoluci\u00f3n de las conciencias&#8221;, destac\u00f3.<\/p>\n","protected":false},"excerpt":{"rendered":"<p>El presidente Andr\u00e9s Manuel L\u00f3pez Obrador afirm\u00f3 que se est\u00e1 &#8220;aplicando de manera intensa&#8221; el tiempo que le resta de gobierno para que no quede nada pendiente y se pueda ir con su conciencia tranquila de haber servido al pueblo de M\u00e9xico. En conferencia de prensa, el Mandatario federal reiter\u00f3 que se jubilar\u00e1 de todo [&hellip;]<\/p>\n","protected":false},"author":81,"featured_media":213093,"comment_status":"closed","ping_status":"closed","sticky":false,"template":"","format":"standard","meta":{"footnotes":""},"categories":[36],"tags":[],"class_list":["post-222498","post","type-post","status-publish","format-standard","has-post-thumbnail","hentry","category-nacion"],"_links":{"self":[{"href":"https:\/\/plazajuarez.mx\/historico\/wp-json\/wp\/v2\/posts\/222498","targetHints":{"allow":["GET"]}}],"collection":[{"href":"https:\/\/plazajuarez.mx\/historico\/wp-json\/wp\/v2\/posts"}],"about":[{"href":"https:\/\/plazajuarez.mx\/historico\/wp-json\/wp\/v2\/types\/post"}],"author":[{"embeddable":true,"href":"https:\/\/plazajuarez.mx\/historico\/wp-json\/wp\/v2\/users\/81"}],"replies":[{"embeddable":true,"href":"https:\/\/plazajuarez.mx\/historico\/wp-json\/wp\/v2\/comments?post=222498"}],"version-history":[{"count":0,"href":"https:\/\/plazajuarez.mx\/historico\/wp-json\/wp\/v2\/posts\/222498\/revisions"}],"wp:featuredmedia":[{"embeddable":true,"href":"https:\/\/plazajuarez.mx\/historico\/wp-json\/wp\/v2\/media\/213093"}],"wp:attachment":[{"href":"https:\/\/plazajuarez.mx\/historico\/wp-json\/wp\/v2\/media?parent=222498"}],"wp:term":[{"taxonomy":"category","embeddable":true,"href":"https:\/\/plazajuarez.mx\/historico\/wp-json\/wp\/v2\/categories?post=222498"},{"taxonomy":"post_tag","embeddable":true,"href":"https:\/\/plazajuarez.mx\/historico\/wp-json\/wp\/v2\/tags?post=222498"}],"curies":[{"name":"wp","href":"https:\/\/api.w.org\/{rel}","templated":true}]}}