{"id":222495,"date":"2022-07-14T15:22:53","date_gmt":"2022-07-14T20:22:53","guid":{"rendered":"https:\/\/plazajuarez.mx\/?p=222495"},"modified":"2022-07-14T15:23:00","modified_gmt":"2022-07-14T20:23:00","slug":"donald_trump","status":"publish","type":"post","link":"https:\/\/plazajuarez.mx\/historico\/donald_trump\/","title":{"rendered":"Muere Ivana Trump, primera esposa del expresidente Donald Trump"},"content":{"rendered":"\n<p>La empresaria Ivana Trump, y primera esposa del expresidente Donald Trump, muri\u00f3 este jueves a los 73 a\u00f1os, seg\u00fan un comunicado del expresidente.<\/p>\n","protected":false},"excerpt":{"rendered":"<p>La empresaria Ivana Trump, y primera esposa del expresidente Donald Trump, muri\u00f3 este jueves a los 73 a\u00f1os, seg\u00fan un comunicado del expresidente.<\/p>\n","protected":false},"author":81,"featured_media":222496,"comment_status":"closed","ping_status":"closed","sticky":false,"template":"","format":"standard","meta":{"footnotes":""},"categories":[15,31],"tags":[],"class_list":["post-222495","post","type-post","status-publish","format-standard","has-post-thumbnail","hentry","category-destacadas","category-orbe"],"_links":{"self":[{"href":"https:\/\/plazajuarez.mx\/historico\/wp-json\/wp\/v2\/posts\/222495","targetHints":{"allow":["GET"]}}],"collection":[{"href":"https:\/\/plazajuarez.mx\/historico\/wp-json\/wp\/v2\/posts"}],"about":[{"href":"https:\/\/plazajuarez.mx\/historico\/wp-json\/wp\/v2\/types\/post"}],"author":[{"embeddable":true,"href":"https:\/\/plazajuarez.mx\/historico\/wp-json\/wp\/v2\/users\/81"}],"replies":[{"embeddable":true,"href":"https:\/\/plazajuarez.mx\/historico\/wp-json\/wp\/v2\/comments?post=222495"}],"version-history":[{"count":0,"href":"https:\/\/plazajuarez.mx\/historico\/wp-json\/wp\/v2\/posts\/222495\/revisions"}],"wp:featuredmedia":[{"embeddable":true,"href":"https:\/\/plazajuarez.mx\/historico\/wp-json\/wp\/v2\/media\/222496"}],"wp:attachment":[{"href":"https:\/\/plazajuarez.mx\/historico\/wp-json\/wp\/v2\/media?parent=222495"}],"wp:term":[{"taxonomy":"category","embeddable":true,"href":"https:\/\/plazajuarez.mx\/historico\/wp-json\/wp\/v2\/categories?post=222495"},{"taxonomy":"post_tag","embeddable":true,"href":"https:\/\/plazajuarez.mx\/historico\/wp-json\/wp\/v2\/tags?post=222495"}],"curies":[{"name":"wp","href":"https:\/\/api.w.org\/{rel}","templated":true}]}}