{"id":222484,"date":"2022-07-14T14:04:45","date_gmt":"2022-07-14T19:04:45","guid":{"rendered":"https:\/\/plazajuarez.mx\/?p=222484"},"modified":"2022-07-14T14:04:52","modified_gmt":"2022-07-14T19:04:52","slug":"desactivan-ficha-de-dalia-quien-presuntamente-se-suicido","status":"publish","type":"post","link":"https:\/\/plazajuarez.mx\/historico\/desactivan-ficha-de-dalia-quien-presuntamente-se-suicido\/","title":{"rendered":"Desactivan ficha de Dalia, quien presuntamente se suicid\u00f3"},"content":{"rendered":"\n<p>Autoridades de la Fiscal\u00eda General de Justicia del Estado de M\u00e9xico desactivaron la ficha de b\u00fasqueda de Dalia Perkulis Zimbal, columnista y terapeuta humanista, quien fue reportada como desaparecida en el fraccionamiento Hacienda de Las Palmas, pero su cuerpo fue encontrado dentro de un hotel en Santa Fe, en un aparente suicidio.<\/p>\n\n\n\n<p>La mujer de 47 a\u00f1os de edad hab\u00eda salido cerca de las 7 de la ma\u00f1ana del 12 de julio, de su domicilio en Hacienda de Las Palmas donde vecinos reportaron haberla visto caminar y tomar un taxi con direcci\u00f3n al poniente de la Ciudad de M\u00e9xico, tras lo cual ya no fue localizada por sus seres queridos.<\/p>\n\n\n\n<p>Por ello familiares de la terapeuta humanista reportaron su desaparici\u00f3n ayer 13 de julio ante autoridades de la Fiscal\u00eda mexiquense quienes emitieron una ficha de urgencia para su localizaci\u00f3n.<\/p>\n\n\n\n<h2 class=\"wp-block-heading\">Dalia Perkulis aparece muerta, se suicid\u00f3, determinan<\/h2>\n\n\n\n<p>No obstante horas m\u00e1s tarde, Dalia Perkulis fue encontrada muerta, en un aparente suicidio, dentro de la habitaci\u00f3n de un hotel en Santa Fe en la CDMX, por lo que fuentes oficiales de la FGJEM informaron que qued\u00f3 desactivada la ficha de b\u00fasqueda.<\/p>\n\n\n\n<p>Dalia Perkulis se defin\u00eda como &#8220;Periodista con experiencia en publicaciones de lo que sea: salud, sexualidad, nutrici\u00f3n, psicolog\u00eda, educaci\u00f3n, cine, tecnolog\u00eda, negocios, moda, cultura far\u00e1ndula, pol\u00edtica y hasta deportes. Activista de medios digitales&#8221;, quien &#8220;no naci\u00f3 para ser esposa ni mam\u00e1, pero ama a su esposo y a sus reto\u00f1os ante todo&#8221;.<\/p>\n","protected":false},"excerpt":{"rendered":"<p>Autoridades de la Fiscal\u00eda General de Justicia del Estado de M\u00e9xico desactivaron la ficha de b\u00fasqueda de Dalia Perkulis Zimbal, columnista y terapeuta humanista, quien fue reportada como desaparecida en el fraccionamiento Hacienda de Las Palmas, pero su cuerpo fue encontrado dentro de un hotel en Santa Fe, en un aparente suicidio. La mujer de [&hellip;]<\/p>\n","protected":false},"author":81,"featured_media":222485,"comment_status":"closed","ping_status":"closed","sticky":false,"template":"","format":"standard","meta":{"footnotes":""},"categories":[37,15,36,2160,2166],"tags":[],"class_list":["post-222484","post","type-post","status-publish","format-standard","has-post-thumbnail","hentry","category-barandilla","category-destacadas","category-nacion","category-noticias-de-la-ciudad-de-mexico","category-viral"],"_links":{"self":[{"href":"https:\/\/plazajuarez.mx\/historico\/wp-json\/wp\/v2\/posts\/222484","targetHints":{"allow":["GET"]}}],"collection":[{"href":"https:\/\/plazajuarez.mx\/historico\/wp-json\/wp\/v2\/posts"}],"about":[{"href":"https:\/\/plazajuarez.mx\/historico\/wp-json\/wp\/v2\/types\/post"}],"author":[{"embeddable":true,"href":"https:\/\/plazajuarez.mx\/historico\/wp-json\/wp\/v2\/users\/81"}],"replies":[{"embeddable":true,"href":"https:\/\/plazajuarez.mx\/historico\/wp-json\/wp\/v2\/comments?post=222484"}],"version-history":[{"count":0,"href":"https:\/\/plazajuarez.mx\/historico\/wp-json\/wp\/v2\/posts\/222484\/revisions"}],"wp:featuredmedia":[{"embeddable":true,"href":"https:\/\/plazajuarez.mx\/historico\/wp-json\/wp\/v2\/media\/222485"}],"wp:attachment":[{"href":"https:\/\/plazajuarez.mx\/historico\/wp-json\/wp\/v2\/media?parent=222484"}],"wp:term":[{"taxonomy":"category","embeddable":true,"href":"https:\/\/plazajuarez.mx\/historico\/wp-json\/wp\/v2\/categories?post=222484"},{"taxonomy":"post_tag","embeddable":true,"href":"https:\/\/plazajuarez.mx\/historico\/wp-json\/wp\/v2\/tags?post=222484"}],"curies":[{"name":"wp","href":"https:\/\/api.w.org\/{rel}","templated":true}]}}