{"id":222478,"date":"2022-07-14T13:15:41","date_gmt":"2022-07-14T18:15:41","guid":{"rendered":"https:\/\/plazajuarez.mx\/?p=222478"},"modified":"2022-07-14T13:15:48","modified_gmt":"2022-07-14T18:15:48","slug":"crecimiento-de-mexico-se-vera-en-2023-bbva","status":"publish","type":"post","link":"https:\/\/plazajuarez.mx\/historico\/crecimiento-de-mexico-se-vera-en-2023-bbva\/","title":{"rendered":"&#8220;Crecimiento de M\u00e9xico se ver\u00e1 en 2023&#8221;: BBVA"},"content":{"rendered":"\n<p>El mayor impacto de las altas tasas de inter\u00e9s en el crecimiento de la econom\u00eda mexicana se ver\u00e1 en 2023, principalmente por una menor demanda interna, dijo BBVA.<\/p>\n\n\n\n<p>El principal grupo financiero que opera en el pa\u00eds mejor\u00f3 su estimado de crecimiento para M\u00e9xico de 1.2 a 2% al finalizar 2022; sin embargo, para 2023 lo redujo a 1.6% desde 2.1%, ante los efectos de la pol\u00edtica monetaria restrictiva del Banco de M\u00e9xico.<\/p>\n\n\n\n<p>&#8220;Esto ser\u00e1 otro viento en contra para la econom\u00eda. Incidir\u00e1 de manera negativa en el consumo e inflaci\u00f3n&#8221;, dijo el economista en jefe de BBVA M\u00e9xico, Carlos Serrano.<\/p>\n\n\n\n<p>De acuerdo con la firma financiera, la mejora de su pron\u00f3stico de crecimiento a 2% para el cierre de 2022 es consecuencia del buen desempe\u00f1o que se tuvo en la primera mitad del a\u00f1o; sin embargo, ha comenzado a mostrar se\u00f1ales de menor din\u00e1mica.<\/p>\n\n\n\n<p>En el caso de la inflaci\u00f3n, BBVA espera el punto m\u00e1s alto en el primer trimestre de 2022, para cerrar el a\u00f1o en 7.1%, desacelerando de manera importante en 2023.<\/p>\n\n\n\n<p>En consecuencia, BBVA espera que la tasa de referencia del Banco de M\u00e9xico se ubique al cierre del a\u00f1o en curso en 9.50%.<\/p>\n\n\n\n<p>Para 2022, la firma espera la creaci\u00f3n de 841 mil empleos, indicador que tambi\u00e9n desacelerar\u00e1 el a\u00f1o pr\u00f3ximo a 574 mil plazas laborales.<\/p>\n\n\n\n<p>&#8220;Es claro que todos los agentes econ\u00f3micos en hogares y empresas est\u00e1n enfrentando y van a enfrentar un entorno retador en la segunda mitad de este a\u00f1o y en 2023 en este contexto de persistencia de precios altos y tasas de inter\u00e9s m\u00e1s elevadas&#8221;, dijo la economista principal de BBVA, Said\u00e9 Salazar.<\/p>\n\n\n\n<p>En opini\u00f3n de los especialistas, el da\u00f1o el crecimiento econ\u00f3mico del pa\u00eds, principalmente por la pandemia de Covid-19 y el actual escenario de elevada inflaci\u00f3n, tendr\u00e1 al cierre del sexenio con rangos de crecimiento incluso menores a los registrados en administraciones anteriores.<\/p>\n\n\n\n<h2 class=\"wp-block-heading\">Prev\u00e9 BBVA recesi\u00f3n EU en 2023<\/h2>\n\n\n\n<p>El escenario para M\u00e9xico el a\u00f1o pr\u00f3ximo tambi\u00e9n se ver\u00e1 afectado por una recesi\u00f3n estimada en la segunda mitad de 2023 en Estados Unidos, en contexto complejo con el escenario b\u00e9lico entre Rusia y Ucrania y la crisis inflacionaria que se mantendr\u00e1 en todo el mundo.<\/p>\n\n\n\n<p>De acuerdo con la firma, la econom\u00eda de Estados Unidos cerrar\u00eda en 2.7% en 2022 y se reducir\u00eda fuertemente en 2023 con un crecimiento de su Producto Interno Bruto de apenas 0.7 por ciento.<\/p>\n\n\n\n<p>Sin embargo, el economista en jefe de BBVA estim\u00f3 que se tratar\u00e1 de una recesi\u00f3n ligera en el principal socio comercial de M\u00e9xico; no obstante, tendr\u00e1 un fuerte impacto en el desempe\u00f1o de nuestro pa\u00eds, representando un entorno retador en la segunda mitad de 2023.<\/p>\n","protected":false},"excerpt":{"rendered":"<p>El mayor impacto de las altas tasas de inter\u00e9s en el crecimiento de la econom\u00eda mexicana se ver\u00e1 en 2023, principalmente por una menor demanda interna, dijo BBVA. El principal grupo financiero que opera en el pa\u00eds mejor\u00f3 su estimado de crecimiento para M\u00e9xico de 1.2 a 2% al finalizar 2022; sin embargo, para 2023 [&hellip;]<\/p>\n","protected":false},"author":81,"featured_media":199591,"comment_status":"closed","ping_status":"closed","sticky":false,"template":"","format":"standard","meta":{"footnotes":""},"categories":[15,36,2160],"tags":[],"class_list":["post-222478","post","type-post","status-publish","format-standard","has-post-thumbnail","hentry","category-destacadas","category-nacion","category-noticias-de-la-ciudad-de-mexico"],"_links":{"self":[{"href":"https:\/\/plazajuarez.mx\/historico\/wp-json\/wp\/v2\/posts\/222478","targetHints":{"allow":["GET"]}}],"collection":[{"href":"https:\/\/plazajuarez.mx\/historico\/wp-json\/wp\/v2\/posts"}],"about":[{"href":"https:\/\/plazajuarez.mx\/historico\/wp-json\/wp\/v2\/types\/post"}],"author":[{"embeddable":true,"href":"https:\/\/plazajuarez.mx\/historico\/wp-json\/wp\/v2\/users\/81"}],"replies":[{"embeddable":true,"href":"https:\/\/plazajuarez.mx\/historico\/wp-json\/wp\/v2\/comments?post=222478"}],"version-history":[{"count":0,"href":"https:\/\/plazajuarez.mx\/historico\/wp-json\/wp\/v2\/posts\/222478\/revisions"}],"wp:featuredmedia":[{"embeddable":true,"href":"https:\/\/plazajuarez.mx\/historico\/wp-json\/wp\/v2\/media\/199591"}],"wp:attachment":[{"href":"https:\/\/plazajuarez.mx\/historico\/wp-json\/wp\/v2\/media?parent=222478"}],"wp:term":[{"taxonomy":"category","embeddable":true,"href":"https:\/\/plazajuarez.mx\/historico\/wp-json\/wp\/v2\/categories?post=222478"},{"taxonomy":"post_tag","embeddable":true,"href":"https:\/\/plazajuarez.mx\/historico\/wp-json\/wp\/v2\/tags?post=222478"}],"curies":[{"name":"wp","href":"https:\/\/api.w.org\/{rel}","templated":true}]}}