{"id":222475,"date":"2022-07-14T13:09:44","date_gmt":"2022-07-14T18:09:44","guid":{"rendered":"https:\/\/plazajuarez.mx\/?p=222475"},"modified":"2022-07-14T13:09:53","modified_gmt":"2022-07-14T18:09:53","slug":"cuba-y-mexico-buscan-fortalecer-sus-lazos-de-negocio-en-un-foro-empresarial","status":"publish","type":"post","link":"https:\/\/plazajuarez.mx\/historico\/cuba-y-mexico-buscan-fortalecer-sus-lazos-de-negocio-en-un-foro-empresarial\/","title":{"rendered":"Cuba y M\u00e9xico buscan fortalecer sus lazos de negocio en un foro empresarial"},"content":{"rendered":"\n<p>Los Gobiernos de Cuba y M\u00e9xico buscar\u00e1n ampliar las inversiones mexicanas dentro de la isla \u2013actualmente hay 11 firmas, entre mixtas y privadas\u2013 y firmar acuerdos de cooperaci\u00f3n a trav\u00e9s del Foro Empresarial Cuba-M\u00e9xico inaugurado este jueves en La Habana.<\/p>\n\n\n\n<p>El foro fue inaugurado en el ic\u00f3nico Hotel Nacional de Cuba con la presencia del presidente Miguel D\u00edaz-Canel y el primer ministro insular, Manuel Marrero.<\/p>\n\n\n\n<p>Por su parte, la delegaci\u00f3n mexicana estuvo encabezada por H\u00e9ctor Guerrero, subsecretario de Industria y Comercio de M\u00e9xico, y el embajador Miguel D\u00edaz Reynoso.<\/p>\n\n\n\n<p>De acuerdo con los organizadores del evento, que se extender\u00e1 hasta el viernes, participar\u00e1n m\u00e1s de 80 empresas mexicanas y 150 cubanas, en su mayor\u00eda de los sectores tur\u00edstico, agroalimentario, cultural, energ\u00e9tico y biofarmac\u00e9utico.<\/p>\n\n\n\n<p>El subsecretario incidi\u00f3 en que la gran parte de las firmas mexicanas presentes son peque\u00f1as y medianas y que el objetivo ser\u00e1 que m\u00e1s pymes del pa\u00eds norteamericano se asienten en la isla. \u201cLo importante es negociar, negociar y negociar\u201d, agreg\u00f3 Guerrero.<\/p>\n\n\n\n<p>En ese sentido, el vice primer ministro de Cuba Ricardo Cabrisas agreg\u00f3 la importancia de que se puedan concretar acuerdos entre las empresas presentes y record\u00f3 la importancia de M\u00e9xico para la isla por su \u201cproximidad\u201d y los lazos hist\u00f3ricos bilaterales.<\/p>\n\n\n\n<p>Este evento forma parte de una serie de actividades entre los dos pa\u00edses \u2013que en 2023 cumplir\u00e1n 120 a\u00f1os de relaciones ininterrumpidas\u2013 que tuvo como momento m\u00e1s importante la visita del presidente mexicano, Andr\u00e9s Manuel L\u00f3pez Obrador, a inicios de mayo.<\/p>\n\n\n\n<p>M\u00e9xico es uno de los principales socios comerciales de la isla, junto con otros pa\u00edses como Espa\u00f1a, Canad\u00e1, China y Venezuela.<\/p>\n","protected":false},"excerpt":{"rendered":"<p>Los Gobiernos de Cuba y M\u00e9xico buscar\u00e1n ampliar las inversiones mexicanas dentro de la isla \u2013actualmente hay 11 firmas, entre mixtas y privadas\u2013 y firmar acuerdos de cooperaci\u00f3n a trav\u00e9s del Foro Empresarial Cuba-M\u00e9xico inaugurado este jueves en La Habana. El foro fue inaugurado en el ic\u00f3nico Hotel Nacional de Cuba con la presencia del [&hellip;]<\/p>\n","protected":false},"author":80,"featured_media":222476,"comment_status":"closed","ping_status":"closed","sticky":false,"template":"","format":"standard","meta":{"footnotes":""},"categories":[15,36,31],"tags":[],"class_list":["post-222475","post","type-post","status-publish","format-standard","has-post-thumbnail","hentry","category-destacadas","category-nacion","category-orbe"],"_links":{"self":[{"href":"https:\/\/plazajuarez.mx\/historico\/wp-json\/wp\/v2\/posts\/222475","targetHints":{"allow":["GET"]}}],"collection":[{"href":"https:\/\/plazajuarez.mx\/historico\/wp-json\/wp\/v2\/posts"}],"about":[{"href":"https:\/\/plazajuarez.mx\/historico\/wp-json\/wp\/v2\/types\/post"}],"author":[{"embeddable":true,"href":"https:\/\/plazajuarez.mx\/historico\/wp-json\/wp\/v2\/users\/80"}],"replies":[{"embeddable":true,"href":"https:\/\/plazajuarez.mx\/historico\/wp-json\/wp\/v2\/comments?post=222475"}],"version-history":[{"count":0,"href":"https:\/\/plazajuarez.mx\/historico\/wp-json\/wp\/v2\/posts\/222475\/revisions"}],"wp:featuredmedia":[{"embeddable":true,"href":"https:\/\/plazajuarez.mx\/historico\/wp-json\/wp\/v2\/media\/222476"}],"wp:attachment":[{"href":"https:\/\/plazajuarez.mx\/historico\/wp-json\/wp\/v2\/media?parent=222475"}],"wp:term":[{"taxonomy":"category","embeddable":true,"href":"https:\/\/plazajuarez.mx\/historico\/wp-json\/wp\/v2\/categories?post=222475"},{"taxonomy":"post_tag","embeddable":true,"href":"https:\/\/plazajuarez.mx\/historico\/wp-json\/wp\/v2\/tags?post=222475"}],"curies":[{"name":"wp","href":"https:\/\/api.w.org\/{rel}","templated":true}]}}