{"id":222454,"date":"2022-07-14T09:58:00","date_gmt":"2022-07-14T14:58:00","guid":{"rendered":"https:\/\/plazajuarez.mx\/?p=222454"},"modified":"2022-07-14T12:00:33","modified_gmt":"2022-07-14T17:00:33","slug":"andres-lillini-hablo-sobre-la-situacion-de-dani-alves-y-los-pumas","status":"publish","type":"post","link":"https:\/\/plazajuarez.mx\/historico\/andres-lillini-hablo-sobre-la-situacion-de-dani-alves-y-los-pumas\/","title":{"rendered":"Andr\u00e9s Lillini habl\u00f3 sobre la situaci\u00f3n de Dani Alves y los Pumas"},"content":{"rendered":"\n<p>La incertidumbre que invade a la afici\u00f3n de los Pumas en torno al posible fichaje de Dani Alves, comienza a llegar tambi\u00e9n al t\u00e9cnico Andr\u00e9s Lillini. El argentino asegura no tener novedades al respecto.<\/p>\n\n\n\n<p>&#8220;Con respecto a lo que dices de Dani Alves, no tengo noticias por parte de la directiva y el tema no se toca. No soy el hombre adecuado porque no tengo ninguna informaci\u00f3n&#8221;, declar\u00f3 el argentino en conferencia.<\/p>\n\n\n\n<p>Previo al duelo de la noche de este mi\u00e9rcoles ante el Celta de Vigo, Lillini enfatiz\u00f3 que desconoce m\u00e1s sobre el tema y considera que es una situaci\u00f3n que caer\u00e1 tarde o temprano &#8220;por su propio peso&#8221;.<\/p>\n\n\n\n<p>&#8220;Seguir\u00edamos confiando en los j\u00f3venes del club, es el proyecto, es el proceso y no s\u00e9 si haya otro tipo de fichajes. No pregunto, ni nada y son cosas que caen por propio peso. Cuando se decida, nosotros tendremos jugadores que se est\u00e1n recuperando de lesiones y creo que vamos a seguir compitiendo de la forma en la que lo hacemos porque todos estamos inmiscuidos en el mismo proyecto con jugadores de la casa y rodearlos de jugadores de calidad, explic\u00f3 el timonel auriazul.<\/p>\n","protected":false},"excerpt":{"rendered":"<p>La incertidumbre que invade a la afici\u00f3n de los Pumas en torno al posible fichaje de Dani Alves, comienza a llegar tambi\u00e9n al t\u00e9cnico Andr\u00e9s Lillini. El argentino asegura no tener novedades al respecto. &#8220;Con respecto a lo que dices de Dani Alves, no tengo noticias por parte de la directiva y el tema no [&hellip;]<\/p>\n","protected":false},"author":81,"featured_media":222457,"comment_status":"closed","ping_status":"closed","sticky":false,"template":"","format":"standard","meta":{"footnotes":""},"categories":[39],"tags":[],"class_list":["post-222454","post","type-post","status-publish","format-standard","has-post-thumbnail","hentry","category-deportiva"],"_links":{"self":[{"href":"https:\/\/plazajuarez.mx\/historico\/wp-json\/wp\/v2\/posts\/222454","targetHints":{"allow":["GET"]}}],"collection":[{"href":"https:\/\/plazajuarez.mx\/historico\/wp-json\/wp\/v2\/posts"}],"about":[{"href":"https:\/\/plazajuarez.mx\/historico\/wp-json\/wp\/v2\/types\/post"}],"author":[{"embeddable":true,"href":"https:\/\/plazajuarez.mx\/historico\/wp-json\/wp\/v2\/users\/81"}],"replies":[{"embeddable":true,"href":"https:\/\/plazajuarez.mx\/historico\/wp-json\/wp\/v2\/comments?post=222454"}],"version-history":[{"count":0,"href":"https:\/\/plazajuarez.mx\/historico\/wp-json\/wp\/v2\/posts\/222454\/revisions"}],"wp:featuredmedia":[{"embeddable":true,"href":"https:\/\/plazajuarez.mx\/historico\/wp-json\/wp\/v2\/media\/222457"}],"wp:attachment":[{"href":"https:\/\/plazajuarez.mx\/historico\/wp-json\/wp\/v2\/media?parent=222454"}],"wp:term":[{"taxonomy":"category","embeddable":true,"href":"https:\/\/plazajuarez.mx\/historico\/wp-json\/wp\/v2\/categories?post=222454"},{"taxonomy":"post_tag","embeddable":true,"href":"https:\/\/plazajuarez.mx\/historico\/wp-json\/wp\/v2\/tags?post=222454"}],"curies":[{"name":"wp","href":"https:\/\/api.w.org\/{rel}","templated":true}]}}