{"id":222449,"date":"2022-07-14T12:09:43","date_gmt":"2022-07-14T17:09:43","guid":{"rendered":"https:\/\/plazajuarez.mx\/?p=222449"},"modified":"2022-07-14T12:09:49","modified_gmt":"2022-07-14T17:09:49","slug":"demandan-fin-a-persecucion-politica-contra-alito","status":"publish","type":"post","link":"https:\/\/plazajuarez.mx\/historico\/demandan-fin-a-persecucion-politica-contra-alito\/","title":{"rendered":"Demandan fin a &#8220;persecuci\u00f3n pol\u00edtica&#8221; contra &#8220;Alito&#8221;"},"content":{"rendered":"\n<p>L\u00edderes de partidos pol\u00edticos de Am\u00e9rica Latina y el Caribe, expresaron al presidente Andr\u00e9s Manuel L\u00f3pez Obrador, al ministro presidente de la Suprema Corte de Justicia de la Naci\u00f3n (SCJN), Arturo Zald\u00edvar, y al presidente de la C\u00e1mara de Diputados, Sergio Guti\u00e9rrez Luna, su preocupaci\u00f3n por que en M\u00e9xico &#8220;se ha instaurado un proceso de creciente desinstitucionalizaci\u00f3n de la pol\u00edtica, que da\u00f1a al Estado de derecho&#8221;.<\/p>\n\n\n\n<p><br>En una carta pronunciamiento, entregada a los titulares de los tres poderes de la Uni\u00f3n, dirigentes partidistas agrupados en la Conferencia Permanente de Partidos Pol\u00edticos de Am\u00e9rica Latina y el Caribe (COPPPAL), advirtieron que esta situaci\u00f3n da lugar al surgimiento de una deriva autoritaria que conculca la libertad de expresi\u00f3n, impulsa la judicializaci\u00f3n de la pol\u00edtica y la politizaci\u00f3n de la justicia y persigue a actores pol\u00edticos, con efectos altamente nocivos y destructivos de la normalidad democr\u00e1tica que debiera privar como el marco adecuado para el sano desenvolvimiento de la vida p\u00fablica en M\u00e9xico.<\/p>\n\n\n\n<p><br>Condenaron &#8220;la persecuci\u00f3n pol\u00edtica que desde el Gobierno Federal se ha implementado en contra del diputado Alejandro Moreno C\u00e1rdenas, presidente del PRI y de la COPPPAL, as\u00ed como vicepresidente mundial de la Internacional Socialista, por haber votado con su grupo parlamentario en contra de la aprobaci\u00f3n de la iniciativa de Reforma El\u00e9ctrica, propuesta por el presidente Andr\u00e9s Manuel L\u00f3pez Obrador&#8221;.<\/p>\n\n\n\n<p><br>En la misiva, firmada por el diputado Timoteo Zambrano (Venezuela-Cambiemos), vicepresidente de la Regi\u00f3n Andina; Alberto Aguilar I\u00f1\u00e1rritu (PRI-M\u00e9xico), vicepresidente de la Regi\u00f3n Norteam\u00e9rica; Eduardo Martell (PL-Honduras), vicepresidente de la Regi\u00f3n Centroam\u00e9rica; Fausto Liz (PRM-Rep\u00fablica Dominicana), vicepresidente de la regi\u00f3n Caribe, as\u00ed como por los vicepresidentes, Marcelo Garc\u00eda (UCR-Argentina) y Mauricio Andrews (PR-Chile), adem\u00e1s de Alberto Grill\u00f3n (Paraguay), Sebasti\u00e1n Hagobi\u00e1n (Uruguay) y Everton da Concei\u00e7\u00e3o Gomes (PDT-Brasil), demandan el cese inmediato de toda campa\u00f1a represiva lanzada por el gobierno de M\u00e9xico en contra de Moreno C\u00e1rdenas.<\/p>\n\n\n\n<p><br>Adem\u00e1s, anunciaron que se mantendr\u00e1n vigilantes de toda acci\u00f3n persecutoria contra el l\u00edder de los partidos progresistas latinoamericanos y caribe\u00f1os, misma que han venido denunciando en todos los espacios de su accionar pol\u00edtico y lo har\u00e1n en todas partes del mundo.<\/p>\n\n\n\n<p><br>Los dirigentes partidistas calificaron la persecuci\u00f3n pol\u00edtica contra Alejandro Moreno, como &#8220;una inaceptable acci\u00f3n gubernamental represiva&#8221; violatoria del art\u00edculo 61 de la Constituci\u00f3n mexicana, que a la letra establece que &#8220;los diputados y senadores son inviolables por las opiniones que manifiesten en el despe\u00f1o de sus cargos y jam\u00e1s podr\u00e1n ser reconvenidos por ellas. El presidente de cada C\u00e1mara velar\u00e1 por el respeto al fuero constitucional de los miembros de la misma&#8221;.<\/p>\n","protected":false},"excerpt":{"rendered":"<p>L\u00edderes de partidos pol\u00edticos de Am\u00e9rica Latina y el Caribe, expresaron al presidente Andr\u00e9s Manuel L\u00f3pez Obrador, al ministro presidente de la Suprema Corte de Justicia de la Naci\u00f3n (SCJN), Arturo Zald\u00edvar, y al presidente de la C\u00e1mara de Diputados, Sergio Guti\u00e9rrez Luna, su preocupaci\u00f3n por que en M\u00e9xico &#8220;se ha instaurado un proceso de [&hellip;]<\/p>\n","protected":false},"author":81,"featured_media":222468,"comment_status":"closed","ping_status":"closed","sticky":false,"template":"","format":"standard","meta":{"footnotes":""},"categories":[15,36],"tags":[],"class_list":["post-222449","post","type-post","status-publish","format-standard","has-post-thumbnail","hentry","category-destacadas","category-nacion"],"_links":{"self":[{"href":"https:\/\/plazajuarez.mx\/historico\/wp-json\/wp\/v2\/posts\/222449","targetHints":{"allow":["GET"]}}],"collection":[{"href":"https:\/\/plazajuarez.mx\/historico\/wp-json\/wp\/v2\/posts"}],"about":[{"href":"https:\/\/plazajuarez.mx\/historico\/wp-json\/wp\/v2\/types\/post"}],"author":[{"embeddable":true,"href":"https:\/\/plazajuarez.mx\/historico\/wp-json\/wp\/v2\/users\/81"}],"replies":[{"embeddable":true,"href":"https:\/\/plazajuarez.mx\/historico\/wp-json\/wp\/v2\/comments?post=222449"}],"version-history":[{"count":0,"href":"https:\/\/plazajuarez.mx\/historico\/wp-json\/wp\/v2\/posts\/222449\/revisions"}],"wp:featuredmedia":[{"embeddable":true,"href":"https:\/\/plazajuarez.mx\/historico\/wp-json\/wp\/v2\/media\/222468"}],"wp:attachment":[{"href":"https:\/\/plazajuarez.mx\/historico\/wp-json\/wp\/v2\/media?parent=222449"}],"wp:term":[{"taxonomy":"category","embeddable":true,"href":"https:\/\/plazajuarez.mx\/historico\/wp-json\/wp\/v2\/categories?post=222449"},{"taxonomy":"post_tag","embeddable":true,"href":"https:\/\/plazajuarez.mx\/historico\/wp-json\/wp\/v2\/tags?post=222449"}],"curies":[{"name":"wp","href":"https:\/\/api.w.org\/{rel}","templated":true}]}}