{"id":222435,"date":"2022-07-14T11:52:23","date_gmt":"2022-07-14T16:52:23","guid":{"rendered":"https:\/\/plazajuarez.mx\/?p=222435"},"modified":"2022-07-14T11:52:29","modified_gmt":"2022-07-14T16:52:29","slug":"lopez-obrador-afirma-que-biden-prometio-mas-visas-para-mexico-y-centroamerica","status":"publish","type":"post","link":"https:\/\/plazajuarez.mx\/historico\/lopez-obrador-afirma-que-biden-prometio-mas-visas-para-mexico-y-centroamerica\/","title":{"rendered":"L\u00f3pez Obrador afirma que Biden prometi\u00f3 m\u00e1s visas para M\u00e9xico y Centroam\u00e9rica"},"content":{"rendered":"\n<p>El presidente Andr\u00e9s Manuel L\u00f3pez Obrador, afirm\u00f3 hoy que su hom\u00f3logo estadounidense, Joe Biden, prometi\u00f3 m\u00e1s visas temporales de trabajo para M\u00e9xico y Centroam\u00e9rica tras su encuentro el martes pasado en Washington.<\/p>\n\n\n\n<p>&#8220;Hablamos de la necesidad de ampliar el n\u00famero de visas de trabajo temporales para M\u00e9xico y para Centroam\u00e9rica. Esto se acept\u00f3. Se va a aumentar considerablemente el n\u00famero de visas de trabajo para ingresar a Estados Unidos&#8221;, asegur\u00f3 el mandatario mexicano en su rueda de prensa matutina tras volver de la gira.<\/p>\n\n\n\n<p>Tras la reuni\u00f3n en la Casa Blanca el martes, Biden le pidi\u00f3 paciencia a L\u00f3pez Obrador sobre sus peticiones migratorias, y en un comunicado conjunto anunciaron un grupo de trabajo sobre migraci\u00f3n laboral, pero no revelaron ning\u00fan acuerdo concreto en cuanto al n\u00famero de visas.<\/p>\n\n\n\n<p>Pero el presidente de M\u00e9xico asever\u00f3 ahora que \u201cs\u00ed hay el compromiso de aumentar el n\u00famero de visas temporales de trabajo&#8221;, aunque sin precisar cu\u00e1ntas.<\/p>\n\n\n\n<p>&#8220;(Que) se ordene el flujo migratorio con visas temporales de trabajo, no solo para el campo, sino tambi\u00e9n para los servicios y la industria. Hay una realidad, hace falta fuerza de trabajo en Estados Unidos, y se necesita producir, se necesita crecer&#8221;, expres\u00f3 L\u00f3pez Obrador.<\/p>\n\n\n\n<p>El mandatario reiter\u00f3 su propuesta de un nuevo Programa Bracero, como el de la Segunda Guerra Mundial, para que trabajadores mexicanos y centroamericanos tengan visas para ir a Estados Unidos.<\/p>\n\n\n\n<p>Adem\u00e1s, revivi\u00f3 su petici\u00f3n de que Estados Unidos invierta en los programas sociales que M\u00e9xico financia en Centroam\u00e9rica, como J\u00f3venes Construyendo el Futuro y Sembrando Vida, que ya se est\u00e1n aplicando en Honduras, El Salvador y Guatemala con financiamiento de M\u00e9xico.<\/p>\n\n\n\n<p>El l\u00edder mexicano tambi\u00e9n sugiri\u00f3 quitar aranceles que puedan existir, simplificar la regulaci\u00f3n comercial dentro del Tratado entre M\u00e9xico, Estados Unidos y Canad\u00e1 (T-MEC), &#8220;quitar todos los tr\u00e1mites tediosos&#8221; y &#8220;unirse m\u00e1s para producir y enfrentar el fen\u00f3meno migratorio&#8221;.<\/p>\n\n\n\n<p>L\u00f3pez Obrador urgi\u00f3 a Biden acelerar la gesti\u00f3n de la reforma migratoria para regular a casi 11 millones inmigrantes indocumentados en Estados Unidos, de los que cerca de la mitad son mexicanos.<\/p>\n\n\n\n<p>El presidente mexicano argument\u00f3 que este es un momento &#8220;decisivo&#8221; para una nueva pol\u00edtica migratoria en Estados Unidos a pesar de las elecciones intermedias de noviembre y de la par\u00e1lisis de la reforma en el Congreso estadounidense.<\/p>\n\n\n\n<p>&#8220;Es mejor enfrentar la realidad, no tienen fuerza de trabajo, y es necesaria la regularizaci\u00f3n, y es necesaria la entrega de visas temporales de trabajo&#8221;, manifest\u00f3 L\u00f3pez Obrador.<\/p>\n\n\n\n<p>La regi\u00f3n vive un flujo migratorio r\u00e9cord hacia Estados Unidos, cuya Oficina de Aduanas y Protecci\u00f3n Fronteriza (CBP) ha detectado a cerca de 1,4 millones de indocumentados en lo que va del a\u00f1o fiscal 2022, que inici\u00f3 en octubre pasado.<\/p>\n","protected":false},"excerpt":{"rendered":"<p>El presidente Andr\u00e9s Manuel L\u00f3pez Obrador, afirm\u00f3 hoy que su hom\u00f3logo estadounidense, Joe Biden, prometi\u00f3 m\u00e1s visas temporales de trabajo para M\u00e9xico y Centroam\u00e9rica tras su encuentro el martes pasado en Washington. &#8220;Hablamos de la necesidad de ampliar el n\u00famero de visas de trabajo temporales para M\u00e9xico y para Centroam\u00e9rica. Esto se acept\u00f3. Se va [&hellip;]<\/p>\n","protected":false},"author":80,"featured_media":222436,"comment_status":"closed","ping_status":"closed","sticky":false,"template":"","format":"standard","meta":{"footnotes":""},"categories":[15,36,2160,31],"tags":[],"class_list":["post-222435","post","type-post","status-publish","format-standard","has-post-thumbnail","hentry","category-destacadas","category-nacion","category-noticias-de-la-ciudad-de-mexico","category-orbe"],"_links":{"self":[{"href":"https:\/\/plazajuarez.mx\/historico\/wp-json\/wp\/v2\/posts\/222435","targetHints":{"allow":["GET"]}}],"collection":[{"href":"https:\/\/plazajuarez.mx\/historico\/wp-json\/wp\/v2\/posts"}],"about":[{"href":"https:\/\/plazajuarez.mx\/historico\/wp-json\/wp\/v2\/types\/post"}],"author":[{"embeddable":true,"href":"https:\/\/plazajuarez.mx\/historico\/wp-json\/wp\/v2\/users\/80"}],"replies":[{"embeddable":true,"href":"https:\/\/plazajuarez.mx\/historico\/wp-json\/wp\/v2\/comments?post=222435"}],"version-history":[{"count":0,"href":"https:\/\/plazajuarez.mx\/historico\/wp-json\/wp\/v2\/posts\/222435\/revisions"}],"wp:featuredmedia":[{"embeddable":true,"href":"https:\/\/plazajuarez.mx\/historico\/wp-json\/wp\/v2\/media\/222436"}],"wp:attachment":[{"href":"https:\/\/plazajuarez.mx\/historico\/wp-json\/wp\/v2\/media?parent=222435"}],"wp:term":[{"taxonomy":"category","embeddable":true,"href":"https:\/\/plazajuarez.mx\/historico\/wp-json\/wp\/v2\/categories?post=222435"},{"taxonomy":"post_tag","embeddable":true,"href":"https:\/\/plazajuarez.mx\/historico\/wp-json\/wp\/v2\/tags?post=222435"}],"curies":[{"name":"wp","href":"https:\/\/api.w.org\/{rel}","templated":true}]}}