{"id":222434,"date":"2022-07-14T11:56:26","date_gmt":"2022-07-14T16:56:26","guid":{"rendered":"https:\/\/plazajuarez.mx\/?p=222434"},"modified":"2022-07-14T11:56:31","modified_gmt":"2022-07-14T16:56:31","slug":"telefonistas-realizan-mitin-en-contra-de-la-reforma-de-telecomunicaciones","status":"publish","type":"post","link":"https:\/\/plazajuarez.mx\/historico\/telefonistas-realizan-mitin-en-contra-de-la-reforma-de-telecomunicaciones\/","title":{"rendered":"Telefonistas realizan mitin en contra de la Reforma de Telecomunicaciones"},"content":{"rendered":"\n<p>Tepeapulco, Hgo- Integrantes del gremio telefonista de la secci\u00f3n 157, realizan un mitin en defensa de su Contrato Colectivo de Trabajo, ya que aseguran han sido vulnerados sus derechos como trabajadores.<br><br>Durante un mitin efectuado esta ma\u00f1ana, mostraron el total rechazo a la pretendida modificaci\u00f3n de este contrato, el cual afecta a la clase trabajadora ya que la nueva Reforma de Telecomunicaciones, realizada por el gobierno federal, solo beneficia a empresas que compiten con Telmex y est\u00e1s no invierten en infraestructura, con lo cu\u00e1l, el usuario es el principal afectado.<br><br>Se\u00f1alaron que estas empresas no otorgan un mejor servicio, lo que ocasiona que las fallas sean constantes.<br><br>En el manifiesto que leyeron, mostraron un claro rechazo a la entrada de nuevas empresas, bajo el supuesto de que los integrantes de este gremio no cuentan con el personal suficiente para cubrir las necesidades de los usuarios de esta compa\u00f1\u00eda.<br><br>&#8220;Exigimos que se detengan las actitudes y acciones que la Empresa ha venido implementando en perjuicio de nuestra materia de trabajo, de nuestros derechos laborales, de la relaci\u00f3n obrero patronal y del propio servicio que ofrece Telmex&#8221;, mencionaron.<br><br>Y agregaron que &#8220;con la finalidad de resarcir todas la pr\u00e1cticas que ocasionan controversia entre las partes, hacemos un llamado a la administraci\u00f3n a cambiar su postura, respetando lo establecido en el Contrato Colectivo de Trabajo y dem\u00e1s documentos signado entre las partes; asimismo, el Sindicato de Telefonistas, reitera su disposici\u00f3n para dialogar y seguir negociando la agenda pendiente en un \u00e1mbito de respeto a lo establecido y de confianza entre las partes&#8221;.<\/p>\n","protected":false},"excerpt":{"rendered":"<p>Tepeapulco, Hgo- Integrantes del gremio telefonista de la secci\u00f3n 157, realizan un mitin en defensa de su Contrato Colectivo de Trabajo, ya que aseguran han sido vulnerados sus derechos como trabajadores. Durante un mitin efectuado esta ma\u00f1ana, mostraron el total rechazo a la pretendida modificaci\u00f3n de este contrato, el cual afecta a la clase trabajadora [&hellip;]<\/p>\n","protected":false},"author":69,"featured_media":222443,"comment_status":"closed","ping_status":"closed","sticky":false,"template":"","format":"standard","meta":{"footnotes":""},"categories":[15,2159,40],"tags":[],"class_list":["post-222434","post","type-post","status-publish","format-standard","has-post-thumbnail","hentry","category-destacadas","category-noticias-de-hidalgo","category-region"],"_links":{"self":[{"href":"https:\/\/plazajuarez.mx\/historico\/wp-json\/wp\/v2\/posts\/222434","targetHints":{"allow":["GET"]}}],"collection":[{"href":"https:\/\/plazajuarez.mx\/historico\/wp-json\/wp\/v2\/posts"}],"about":[{"href":"https:\/\/plazajuarez.mx\/historico\/wp-json\/wp\/v2\/types\/post"}],"author":[{"embeddable":true,"href":"https:\/\/plazajuarez.mx\/historico\/wp-json\/wp\/v2\/users\/69"}],"replies":[{"embeddable":true,"href":"https:\/\/plazajuarez.mx\/historico\/wp-json\/wp\/v2\/comments?post=222434"}],"version-history":[{"count":0,"href":"https:\/\/plazajuarez.mx\/historico\/wp-json\/wp\/v2\/posts\/222434\/revisions"}],"wp:featuredmedia":[{"embeddable":true,"href":"https:\/\/plazajuarez.mx\/historico\/wp-json\/wp\/v2\/media\/222443"}],"wp:attachment":[{"href":"https:\/\/plazajuarez.mx\/historico\/wp-json\/wp\/v2\/media?parent=222434"}],"wp:term":[{"taxonomy":"category","embeddable":true,"href":"https:\/\/plazajuarez.mx\/historico\/wp-json\/wp\/v2\/categories?post=222434"},{"taxonomy":"post_tag","embeddable":true,"href":"https:\/\/plazajuarez.mx\/historico\/wp-json\/wp\/v2\/tags?post=222434"}],"curies":[{"name":"wp","href":"https:\/\/api.w.org\/{rel}","templated":true}]}}