{"id":222430,"date":"2022-07-14T10:46:39","date_gmt":"2022-07-14T15:46:39","guid":{"rendered":"https:\/\/plazajuarez.mx\/?p=222430"},"modified":"2022-07-14T10:46:44","modified_gmt":"2022-07-14T15:46:44","slug":"vamos-por-el-triunfo-senala-luna-mejia","status":"publish","type":"post","link":"https:\/\/plazajuarez.mx\/historico\/vamos-por-el-triunfo-senala-luna-mejia\/","title":{"rendered":"\u201cVamos por el triunfo\u201d, se\u00f1ala Luna Mej\u00eda"},"content":{"rendered":"\n<p>Tepeapulco.- \u201cHemos recorrido la gran mayor\u00eda de las regiones, ya que es humanamente\u00a0 imposible visitar los 2 mil 400 planteles o las 700 delegaciones que est\u00e1n dentro del estado, pero se han presentado nuestras propuestas en donde hemos acudido\u201d, se\u00f1alo Juan Jos\u00e9 Luna Mej\u00eda, candidato de la planilla Azul a la dirigencia estatal del SNTE.<\/p>\n\n\n\n<p>En entrevista con <em>Diario Plaza Ju\u00e1rez,<\/em> expuso que la gente lo ha recibido bien, y que, entre las pl\u00e1ticas con maestros, han salido a flote las necesidades que existen en torno a su trabajo.<\/p>\n\n\n\n<p>Adem\u00e1s, dijo que al escuchar a las bases, el tener la cercan\u00eda con ellos \u201cnos dan las propuestas y adem\u00e1s la soluciones\u201d.<\/p>\n\n\n\n<p>Al hablar de la relaci\u00f3n con el actual gobernador, apunt\u00f3 que es de respeto, ya que la responsabilidad es de mutuo apoyo.<\/p>\n","protected":false},"excerpt":{"rendered":"<p>Tepeapulco.- \u201cHemos recorrido la gran mayor\u00eda de las regiones, ya que es humanamente\u00a0 imposible visitar los 2 mil 400 planteles o las 700 delegaciones que est\u00e1n dentro del estado, pero se han presentado nuestras propuestas en donde hemos acudido\u201d, se\u00f1alo Juan Jos\u00e9 Luna Mej\u00eda, candidato de la planilla Azul a la dirigencia estatal del SNTE. [&hellip;]<\/p>\n","protected":false},"author":69,"featured_media":222431,"comment_status":"closed","ping_status":"closed","sticky":false,"template":"","format":"standard","meta":{"footnotes":""},"categories":[40],"tags":[],"class_list":["post-222430","post","type-post","status-publish","format-standard","has-post-thumbnail","hentry","category-region"],"_links":{"self":[{"href":"https:\/\/plazajuarez.mx\/historico\/wp-json\/wp\/v2\/posts\/222430","targetHints":{"allow":["GET"]}}],"collection":[{"href":"https:\/\/plazajuarez.mx\/historico\/wp-json\/wp\/v2\/posts"}],"about":[{"href":"https:\/\/plazajuarez.mx\/historico\/wp-json\/wp\/v2\/types\/post"}],"author":[{"embeddable":true,"href":"https:\/\/plazajuarez.mx\/historico\/wp-json\/wp\/v2\/users\/69"}],"replies":[{"embeddable":true,"href":"https:\/\/plazajuarez.mx\/historico\/wp-json\/wp\/v2\/comments?post=222430"}],"version-history":[{"count":0,"href":"https:\/\/plazajuarez.mx\/historico\/wp-json\/wp\/v2\/posts\/222430\/revisions"}],"wp:featuredmedia":[{"embeddable":true,"href":"https:\/\/plazajuarez.mx\/historico\/wp-json\/wp\/v2\/media\/222431"}],"wp:attachment":[{"href":"https:\/\/plazajuarez.mx\/historico\/wp-json\/wp\/v2\/media?parent=222430"}],"wp:term":[{"taxonomy":"category","embeddable":true,"href":"https:\/\/plazajuarez.mx\/historico\/wp-json\/wp\/v2\/categories?post=222430"},{"taxonomy":"post_tag","embeddable":true,"href":"https:\/\/plazajuarez.mx\/historico\/wp-json\/wp\/v2\/tags?post=222430"}],"curies":[{"name":"wp","href":"https:\/\/api.w.org\/{rel}","templated":true}]}}