{"id":221988,"date":"2022-07-11T08:58:32","date_gmt":"2022-07-11T13:58:32","guid":{"rendered":"https:\/\/plazajuarez.mx\/?p=221988"},"modified":"2022-07-11T08:58:38","modified_gmt":"2022-07-11T13:58:38","slug":"echeverria-un-espejo-para-muchos-politicos","status":"publish","type":"post","link":"https:\/\/plazajuarez.mx\/historico\/echeverria-un-espejo-para-muchos-politicos\/","title":{"rendered":"ECHEVERR\u00cdA: UN ESPEJO PARA MUCHOS POL\u00cdTICOS"},"content":{"rendered":"\n<h2 class=\"wp-block-heading\">ALFIL NEGRO<\/h2>\n\n\n\n<p>El s\u00e1bado a los 100 a\u00f1os de edad, falleci\u00f3 el ex Presidente Luis Echeverr\u00eda \u00c1lvarez, LEA, en un clima de reclamos y acusaciones muy fuertes en su contra, y con el reconocimiento de unos cuantos que tambi\u00e9n los hubo.<\/p>\n\n\n\n<p>Pero en general, y hasta como pose, la actitud fue de condena en contra de quien gobern\u00f3 nuestro pa\u00eds de 1970 a 1976, sobre todo por los hechos de Tlatelolco, el halconazo y lo que se conoce como la guerra sucia.<\/p>\n\n\n\n<p>Sin embargo, en su momento de poder absoluto, fue ovacionado y reconocido, sobre todo por sus pol\u00edticas de corte internacional, con las que pretendi\u00f3 ser el l\u00edder de Latinoam\u00e9rica, con un corte socialista que lo llev\u00f3 a ser gran amigo de Cuba y de los pa\u00edses que caminaban por esa senda.<\/p>\n\n\n\n<p>Todav\u00eda se recuerdan sus movimientos para buscar el puesto m\u00e1s grande de la ONU, o su intenci\u00f3n de darle al mundo mandamientos de tipo econ\u00f3mico con su carta de los derechos y deberes econ\u00f3micos de los pueblos, a la que en ese tiempo se calific\u00f3 como una maravilla.<\/p>\n\n\n\n<p>Eran sus momentos de gloria y de esplendor.<\/p>\n\n\n\n<p>Pero todo pasa y m\u00e1s en esto de ejercer el poder, en que se est\u00e1 un poco en la parte alta del mismo con toda la luz del sol sobre el personaje ,y en unos cu\u00e1ntos a\u00f1os se va a las sombras, al olvido y al juicio inapelable de la historia.<\/p>\n\n\n\n<p>As\u00ed es este juego del poder.<\/p>\n\n\n\n<p>Pero nadie escarmienta en cabeza ajena.<\/p>\n\n\n\n<p>Ahora, en la muerte de Echeverr\u00eda, \u00bfd\u00f3nde est\u00e1n las multitudes que le cantaban como El Salvador de los pueblos pobres y del mundo? \u00bfD\u00f3nde est\u00e1n los que le dec\u00edan que con \u00e9l se iniciaba la historia de libertad y dignidad de Am\u00e9rica Latina? Callados como suele suceder en estos casos.<\/p>\n\n\n\n<p>Quienes ejercen poder bien se pueden ver en este espejo, para saber y entender que nada en este quehacer es para siempre, y que el tiempo, siempre el tiempo, pone a todos en su lugar y que para la gente los calificativos son breves pero contundentes, de tal manera que s\u00f3lo dicen para hablar de un pol\u00edtico \u201cfue un ladr\u00f3n \u201c o \u201cHizo puentes\u201d, \u201cfue bueno\u201d, \u201cno hizo nada\u201d, \u201cmuy buena gente\u201d y no hay otro tipo de consideraciones.<\/p>\n\n\n\n<p>Echeverr\u00eda es un espejo en el que se pueden mirar los que hacen del poder un oficio de vida.<\/p>\n\n\n\n<p>Para ganarse un buen juicio del pueblo ,se debe trabajar mucho y tener logros reales, porque las actitudes de abusos y soberbia la ciudadan\u00eda ni siquiera se espera a que desaparezca el personaje y desde ya lo califican como bueno o como abusivo y soberbio, y contra el juicio popular no hay vuelta de hoja.<\/p>\n\n\n\n<p>Dice la informaci\u00f3n que en el sepelio de LEA apenas llegaron dos coronas de flores y no hubo m\u00e1s.<\/p>\n\n\n\n<p>El hombre que busc\u00f3 ser el l\u00edder de los pa\u00edses latinoamericanos, el Sim\u00f3n Bol\u00edvar libertador se fue en silencio, casi escondido sin ceremonia de estado en la justa dimensi\u00f3n del olvido.<\/p>\n\n\n\n<p>Como dice Neruda en su poema XX: \u201ces tan corto el amor y es tan largo el olvido\u201d.<\/p>\n\n\n\n<p>Que en otras, palabras pudiera ser: \u201ces tan corto el poder y es tan largo el olvido&#8221;,<\/p>\n\n\n\n<p>Echeverr\u00eda es un espejo en el que debieran verse los pol\u00edticos, para ver el rostro verdadero de lo que deja y quita el poder.<\/p>\n","protected":false},"excerpt":{"rendered":"<p>ALFIL NEGRO El s\u00e1bado a los 100 a\u00f1os de edad, falleci\u00f3 el ex Presidente Luis Echeverr\u00eda \u00c1lvarez, LEA, en un clima de reclamos y acusaciones muy fuertes en su contra, y con el reconocimiento de unos cuantos que tambi\u00e9n los hubo. Pero en general, y hasta como pose, la actitud fue de condena en contra [&hellip;]<\/p>\n","protected":false},"author":83,"featured_media":208526,"comment_status":"closed","ping_status":"closed","sticky":false,"template":"","format":"standard","meta":{"footnotes":""},"categories":[48,42],"tags":[],"class_list":["post-221988","post","type-post","status-publish","format-standard","has-post-thumbnail","hentry","category-adalberto-peralta","category-nuestrapalabra"],"_links":{"self":[{"href":"https:\/\/plazajuarez.mx\/historico\/wp-json\/wp\/v2\/posts\/221988","targetHints":{"allow":["GET"]}}],"collection":[{"href":"https:\/\/plazajuarez.mx\/historico\/wp-json\/wp\/v2\/posts"}],"about":[{"href":"https:\/\/plazajuarez.mx\/historico\/wp-json\/wp\/v2\/types\/post"}],"author":[{"embeddable":true,"href":"https:\/\/plazajuarez.mx\/historico\/wp-json\/wp\/v2\/users\/83"}],"replies":[{"embeddable":true,"href":"https:\/\/plazajuarez.mx\/historico\/wp-json\/wp\/v2\/comments?post=221988"}],"version-history":[{"count":0,"href":"https:\/\/plazajuarez.mx\/historico\/wp-json\/wp\/v2\/posts\/221988\/revisions"}],"wp:featuredmedia":[{"embeddable":true,"href":"https:\/\/plazajuarez.mx\/historico\/wp-json\/wp\/v2\/media\/208526"}],"wp:attachment":[{"href":"https:\/\/plazajuarez.mx\/historico\/wp-json\/wp\/v2\/media?parent=221988"}],"wp:term":[{"taxonomy":"category","embeddable":true,"href":"https:\/\/plazajuarez.mx\/historico\/wp-json\/wp\/v2\/categories?post=221988"},{"taxonomy":"post_tag","embeddable":true,"href":"https:\/\/plazajuarez.mx\/historico\/wp-json\/wp\/v2\/tags?post=221988"}],"curies":[{"name":"wp","href":"https:\/\/api.w.org\/{rel}","templated":true}]}}