{"id":221851,"date":"2022-07-09T09:37:11","date_gmt":"2022-07-09T14:37:11","guid":{"rendered":"https:\/\/plazajuarez.mx\/?p=221851"},"modified":"2022-07-09T09:37:20","modified_gmt":"2022-07-09T14:37:20","slug":"refuerzan-elenco-artistico-en-feria-de-tulancingo","status":"publish","type":"post","link":"https:\/\/plazajuarez.mx\/historico\/refuerzan-elenco-artistico-en-feria-de-tulancingo\/","title":{"rendered":"Refuerzan elenco art\u00edstico en Feria de Tulancingo"},"content":{"rendered":"\n<p class=\"wp-block-paragraph\">Tulancingo de Bravo.- El Comit\u00e9 de Feria de Tulancingo incorpor\u00f3 a las carteleras de Teatro del Pueblo\u00a0 y del\u00a0 Palenque, m\u00e1s artistas de talla internacional con el prop\u00f3sito de tener una festividad de mayor alcance y calidad.<\/p>\n\n\n\n<p class=\"wp-block-paragraph\">Pedro Escudero Garc\u00eda, presidente del Comit\u00e9 de Feria, precis\u00f3&nbsp; que en Teatro del Pueblo se suman los grupos Motel y Moenia, quienes compartir\u00e1n escenario el 30 de julio, adem\u00e1s, se confirm\u00f3 la presentaci\u00f3n del dueto R\u00edo Roma quien se presentar\u00e1 el 3 de agosto.<\/p>\n\n\n\n<p class=\"wp-block-paragraph\">En el palenque se integraron a la cartelera Luis R. Conriquez, que se presentar\u00e1 el 2 de agosto, mientras que la cantante Mar\u00eda Jos\u00e9 engalanar\u00e1 el palenque el 3 de agosto, y el Grupo Codiciado har\u00e1 lo propio el 14 agosto.<\/p>\n\n\n\n<p class=\"wp-block-paragraph\">Escudero Garc\u00eda coment\u00f3 que el enriquecimiento de carteleras ayudar\u00e1 a retomar el posicionamiento de la Expo Feria Tulancingo como una de las mejores del centro del pa\u00eds y en esta ocasi\u00f3n, agreg\u00f3, se puede lograr la caracter\u00edstica de las m\u00e1s econ\u00f3micas de la regi\u00f3n.<\/p>\n\n\n\n<p class=\"wp-block-paragraph\">En este a\u00f1o, la Expo Feria posicionar\u00e1 el slogan \u201c\u00a1Aqu\u00ed nos vemos!\u201d como una invitaci\u00f3n a que visiten la feria que tendr\u00e1 un costo de acceso de 60 pesos.<\/p>\n","protected":false},"excerpt":{"rendered":"<p>Tulancingo de Bravo.- El Comit\u00e9 de Feria de Tulancingo incorpor\u00f3 a las carteleras de Teatro del Pueblo\u00a0 y del\u00a0 Palenque, m\u00e1s artistas de talla internacional con el prop\u00f3sito de tener una festividad de mayor alcance y calidad. Pedro Escudero Garc\u00eda, presidente del Comit\u00e9 de Feria, precis\u00f3&nbsp; que en Teatro del Pueblo se suman los grupos [&hellip;]<\/p>\n","protected":false},"author":70,"featured_media":221852,"comment_status":"closed","ping_status":"closed","sticky":false,"template":"","format":"standard","meta":{"footnotes":""},"categories":[2159,40],"tags":[],"class_list":["post-221851","post","type-post","status-publish","format-standard","has-post-thumbnail","hentry","category-noticias-de-hidalgo","category-region"],"_links":{"self":[{"href":"https:\/\/plazajuarez.mx\/historico\/wp-json\/wp\/v2\/posts\/221851","targetHints":{"allow":["GET"]}}],"collection":[{"href":"https:\/\/plazajuarez.mx\/historico\/wp-json\/wp\/v2\/posts"}],"about":[{"href":"https:\/\/plazajuarez.mx\/historico\/wp-json\/wp\/v2\/types\/post"}],"author":[{"embeddable":true,"href":"https:\/\/plazajuarez.mx\/historico\/wp-json\/wp\/v2\/users\/70"}],"replies":[{"embeddable":true,"href":"https:\/\/plazajuarez.mx\/historico\/wp-json\/wp\/v2\/comments?post=221851"}],"version-history":[{"count":0,"href":"https:\/\/plazajuarez.mx\/historico\/wp-json\/wp\/v2\/posts\/221851\/revisions"}],"wp:featuredmedia":[{"embeddable":true,"href":"https:\/\/plazajuarez.mx\/historico\/wp-json\/wp\/v2\/media\/221852"}],"wp:attachment":[{"href":"https:\/\/plazajuarez.mx\/historico\/wp-json\/wp\/v2\/media?parent=221851"}],"wp:term":[{"taxonomy":"category","embeddable":true,"href":"https:\/\/plazajuarez.mx\/historico\/wp-json\/wp\/v2\/categories?post=221851"},{"taxonomy":"post_tag","embeddable":true,"href":"https:\/\/plazajuarez.mx\/historico\/wp-json\/wp\/v2\/tags?post=221851"}],"curies":[{"name":"wp","href":"https:\/\/api.w.org\/{rel}","templated":true}]}}