{"id":221765,"date":"2022-07-08T11:02:50","date_gmt":"2022-07-08T16:02:50","guid":{"rendered":"https:\/\/plazajuarez.mx\/?p=221765"},"modified":"2022-07-08T11:02:57","modified_gmt":"2022-07-08T16:02:57","slug":"niega-amlo-que-la-inflacion-sea-desmedida-en-mexico","status":"publish","type":"post","link":"https:\/\/plazajuarez.mx\/historico\/niega-amlo-que-la-inflacion-sea-desmedida-en-mexico\/","title":{"rendered":"Niega AMLO que la inflaci\u00f3n sea &#8220;desmedida&#8221; en M\u00e9xico"},"content":{"rendered":"\n<p>El presidente mexicano, Andr\u00e9s Manuel L\u00f3pez Obrador, neg\u00f3 este viernes que la inflaci\u00f3n del pa\u00eds sea &#8220;desmedida&#8221; a pesar de haber alcanzado una tasa general anual del 7,99 % en junio, el nivel m\u00e1s alto desde 2001.<\/p>\n\n\n\n<p>&#8220;Hubo un incremento en la inflaci\u00f3n, pero no desmedido, no ha llegado al 8 %, se qued\u00f3 muy cerca del 8 %. Sin embargo, con relaci\u00f3n a la inflaci\u00f3n en el mundo, M\u00e9xico es de los pa\u00edses menos afectados&#8221;, asever\u00f3 el mandatario en su rueda de prensa diaria.<\/p>\n\n\n\n<p>Sus declaraciones ocurren despu\u00e9s de revelarse el jueves que el \u00edndice de precios al consumidor (IPC) subi\u00f3 un 7,99 % en junio, con un avance mensual del 0,84 % y con el mayor incremento anual en los alimentos y bebidas no alcoh\u00f3licas (13,6 %).<\/p>\n\n\n\n<p>El mandatario afirm\u00f3 que su Gobierno est\u00e1 &#8220;tomando medidas para control de inflaci\u00f3n, sobre todo lo que tiene que ver con alimentos, porque en energ\u00e9ticos es de los pa\u00edses con menos incremento&#8221;.<\/p>\n\n\n\n<p>En particular, defendi\u00f3 el subsidio &#8220;para la econom\u00eda popular&#8221; de 100 % que desde marzo se aplica al Impuesto Especial sobre Producci\u00f3n y Servicios (IEPS), que se deber\u00eda pagar por cada litro de gasolina y di\u00e9sel.<\/p>\n\n\n\n<p>El presidente exhibi\u00f3 una gr\u00e1fica en la que reconoci\u00f3 que la recaudaci\u00f3n por el IEPS ha ca\u00eddo un 69,2 % en lo que va del a\u00f1o, hasta 74.837 millones de pesos (casi 3.649 millones de d\u00f3lares) comparado con los 224.484 millones de pesos (10.945 millones de d\u00f3lares) del mismo periodo de 2021.<\/p>\n\n\n\n<p>A\u00fan as\u00ed, asever\u00f3 que el Gobierno ha recibido excedentes por 30.000 millones de pesos (1.462 millones de d\u00f3lares) porque el pa\u00eds vende casi 1 mill\u00f3n de barriles diarios de petr\u00f3leo y la mezcla mexicana de crudo se ha vendido en m\u00e1s de 90 d\u00f3lares por barril desde hace cuatro meses.<\/p>\n\n\n\n<p>&#8220;Esos excedentes nos permiten esto, el que no aumente el precio de la gasolina, y eso es lo que nos permite a la vez mantener lo m\u00e1s controlado posible la inflaci\u00f3n, porque la inflaci\u00f3n es el impuesto que m\u00e1s afecta, sobre todo a la gente pobre&#8221;, justific\u00f3.<\/p>\n\n\n\n<p>El l\u00edder mexicano presumi\u00f3 de finanzas p\u00fablicas &#8220;sanas&#8221; despu\u00e9s de que el mi\u00e9rcoles la agencia Standard &amp; Poor&#8217;s (S&amp;P) ratificara la calificaci\u00f3n crediticia soberana de M\u00e9xico en &#8220;BBB&#8221;, pero mejorara la perspectiva a &#8220;estable&#8221; desde una anterior &#8220;negativa&#8221;.<\/p>\n\n\n\n<p>Tambi\u00e9n destac\u00f3 el incremento interanual del 20 % en el comercio entre M\u00e9xico y Estados Unidos de enero a mayo, que pas\u00f3 de un intercambio de 250.000 millones de d\u00f3lares a 310.000 millones de d\u00f3lares, seg\u00fan expuso.<\/p>\n","protected":false},"excerpt":{"rendered":"<p>El presidente mexicano, Andr\u00e9s Manuel L\u00f3pez Obrador, neg\u00f3 este viernes que la inflaci\u00f3n del pa\u00eds sea &#8220;desmedida&#8221; a pesar de haber alcanzado una tasa general anual del 7,99 % en junio, el nivel m\u00e1s alto desde 2001. &#8220;Hubo un incremento en la inflaci\u00f3n, pero no desmedido, no ha llegado al 8 %, se qued\u00f3 muy [&hellip;]<\/p>\n","protected":false},"author":80,"featured_media":221766,"comment_status":"closed","ping_status":"closed","sticky":false,"template":"","format":"standard","meta":{"footnotes":""},"categories":[15,36],"tags":[],"class_list":["post-221765","post","type-post","status-publish","format-standard","has-post-thumbnail","hentry","category-destacadas","category-nacion"],"_links":{"self":[{"href":"https:\/\/plazajuarez.mx\/historico\/wp-json\/wp\/v2\/posts\/221765","targetHints":{"allow":["GET"]}}],"collection":[{"href":"https:\/\/plazajuarez.mx\/historico\/wp-json\/wp\/v2\/posts"}],"about":[{"href":"https:\/\/plazajuarez.mx\/historico\/wp-json\/wp\/v2\/types\/post"}],"author":[{"embeddable":true,"href":"https:\/\/plazajuarez.mx\/historico\/wp-json\/wp\/v2\/users\/80"}],"replies":[{"embeddable":true,"href":"https:\/\/plazajuarez.mx\/historico\/wp-json\/wp\/v2\/comments?post=221765"}],"version-history":[{"count":0,"href":"https:\/\/plazajuarez.mx\/historico\/wp-json\/wp\/v2\/posts\/221765\/revisions"}],"wp:featuredmedia":[{"embeddable":true,"href":"https:\/\/plazajuarez.mx\/historico\/wp-json\/wp\/v2\/media\/221766"}],"wp:attachment":[{"href":"https:\/\/plazajuarez.mx\/historico\/wp-json\/wp\/v2\/media?parent=221765"}],"wp:term":[{"taxonomy":"category","embeddable":true,"href":"https:\/\/plazajuarez.mx\/historico\/wp-json\/wp\/v2\/categories?post=221765"},{"taxonomy":"post_tag","embeddable":true,"href":"https:\/\/plazajuarez.mx\/historico\/wp-json\/wp\/v2\/tags?post=221765"}],"curies":[{"name":"wp","href":"https:\/\/api.w.org\/{rel}","templated":true}]}}