{"id":22174,"date":"2016-05-31T13:46:54","date_gmt":"2016-05-31T13:46:54","guid":{"rendered":"http:\/\/plazajuarez.mx\/index\/index.php\/2016\/05\/31\/foro-sobre-productividad-de-la-ocde\/"},"modified":"2016-05-31T13:46:54","modified_gmt":"2016-05-31T13:46:54","slug":"foro-sobre-productividad-de-la-ocde","status":"publish","type":"post","link":"https:\/\/plazajuarez.mx\/historico\/foro-sobre-productividad-de-la-ocde\/","title":{"rendered":"Foro sobre productividad de la OCDE"},"content":{"rendered":"<p style=\"text-align: justify;\">Desde la crisis iniciada en 2008 el Grupo de los 20 (G20), la OCDE y el Fondo Monetario Internacional (FMI), no han dejado de movilizarse y externar sus preocupaciones por el lento crecimiento de la econom\u00eda mundial<\/p>\n<p>  <!--more-->  <\/p>\n<p style=\"text-align: justify;\">Este fin de semana concluy\u00f3 en Jap\u00f3n la Cumbre de los siete pa\u00edses m\u00e1s ricos del planeta, el Grupo de los siete (G7), y ya se alistan nuevas reuniones para trabajar en la recuperaci\u00f3n de la econom\u00eda mundial, tal como lo advertimos. Este mi\u00e9rcoles y jueves se reunir\u00e1n m\u00e1s de 200 ministros, expertos y personalidades del mundo acad\u00e9mico y empresarial, a fin de buscar soluciones al problema del\u00a0 crecimiento de la productividad en un Foro organizado por la Organizaci\u00f3n para la Cooperaci\u00f3n y el Desarrollo (OCDE).<\/p>\n<p style=\"text-align: justify;\">Desde la crisis iniciada en 2008 el Grupo de los 20 (G20), la OCDE y el Fondo Monetario Internacional (FMI), no han dejado de movilizarse y externar sus preocupaciones por el lento crecimiento de la econom\u00eda mundial y la ca\u00edda de la productividad mundial. Por esa raz\u00f3n ahora la OCDE se ha propuesta organizar un Foro donde puedan dar respuesta a la pregunta de \u00bfC\u00f3mo mejorar la productividad y al mismo tiempo garantizar que los frutos del crecimiento sean compartidos por todos?<\/p>\n<p style=\"text-align: justify;\">Ese ser\u00e1 el tema central del Foro que organiza la OCDE, el cual inicia hoy martes en la sede de la organizaci\u00f3n multilateral en Par\u00eds, antes de iniciar la reuni\u00f3n ministerial presidida por Chile ma\u00f1ana mi\u00e9rcoles. Se espera que en ese Foro se produzcan m\u00e1s de 80 debates sobre el tema central del mismo, que los participantes reflexionen sobre los problemas del crecimiento y sus efectos sociales, sobre los migrantes, los ni\u00f1os y los j\u00f3venes, las mujeres y los ancianos, de acuerdo al comunicado de la OCDE.<\/p>\n<p style=\"text-align: justify;\">La productividad parece ser la clave del crecimiento econ\u00f3mico. Entre el a\u00f1o 2000 y el 2007, el crecimiento de la productividad en los pa\u00edses de la OCDE fue de alrededor del 1.7%; por lo que desde el 2008 s\u00f3lo aument\u00f3 en 0.7%, seg\u00fan el ex Secretario de Hacienda y Canciller mexicano, \u00c1ngel Gurr\u00eda, ahora Secretario General de la OCDE; quien ha precisado que \u201cen los grandes pa\u00edses, el crecimiento de la productividad es el principal problema; pues en el n\u00famero de horas trabajadas se ve una diferencia de entre 25 a 30%, respecto a la media de los 17 pa\u00edses de la OCDE que trabajan m\u00e1s y 17 que trabajan lo m\u00ednimo\u201d, seg\u00fan Gurr\u00eda.<\/p>\n<p style=\"text-align: justify;\">De tal suerte que, de acuerdo al Secretario General de la OCDE, \u201clos principales pa\u00edses industrializados no tienen urgencia para llevar a cabo reformas estructurales y fomentar la productividad, a diferencia de pa\u00edses como Irlanda, Portugal, Espa\u00f1a, Italia y Grecia. De tal modo que si quiere mantener el nivel de riqueza que han adquirido, no tiene m\u00e1s remedio que continuar con las reformas\u201d, precis\u00f3 Gurr\u00eda.<\/p>\n<p style=\"text-align: justify;\">El documento base de la discusi\u00f3n del Foro precisa que el aumento de la productividad es el principal impulsor del aumento del potencial de producci\u00f3n y nivel de vida. Sin embargo, se se\u00f1ala en el documento que, en la mayor\u00eda de los pa\u00edses de la OCDE la desaceleraci\u00f3n del crecimiento de la productividad ha afectado a todos los sectores de la econom\u00eda; manifest\u00e1ndose particularmente en la industria de las nuevas tecnolog\u00edas y la innovaci\u00f3n digital, las cuales deben aportar mayores beneficios, en particular en los campos de la informaci\u00f3n, las comunicaci\u00f3n, las finanzas y los seguros.<\/p>\n<p style=\"text-align: justify;\">La OCDE advierte que la desaceleraci\u00f3n se ha traducido en algunos pa\u00edses en la compactaci\u00f3n de los salarios para ganar competitividad, lo cual podr\u00eda exacerbar las desigualdades de ingresos y riqueza, dejando a muchos trabajadores en actividades de baja productividad con un alto grado de inseguridad, seg\u00fan la OCDE.<\/p>\n<p style=\"text-align: justify;\">Se afirma que la desaceleraci\u00f3n de la econom\u00eda mundial se inici\u00f3 antes de la crisis de 2008, pese a una mayor globalizaci\u00f3n de las cadenas de producci\u00f3n nacionales, a pesar de existir un mayor nivel de educaci\u00f3n y la innovaci\u00f3n tecnol\u00f3gica; por lo que ahora se plantea la interrogante si ese fen\u00f3meno es temporal o permanente; si fuera \u00e9ste \u00faltimo el caso, el crecimiento podr\u00eda disminuir.<\/p>\n<p style=\"text-align: justify;\">El mi\u00e9rcoles, paralelamente al Foro, la OCDE publicar\u00e1 sus nuevas proyecciones de crecimiento para 2015, en un escenario que parece no cambiar\u00e1 en este a\u00f1o, donde el crecimiento sigue situ\u00e1ndose por debajo de las expectativas y el desempleo va en aumento, sin que la teor\u00eda econ\u00f3mica pueda dar respuestas, en un mundo globalizado donde las decisiones de unos gobiernos afectan las de otros y exige la coordinaci\u00f3n de las pol\u00edticas nacionales para lograr el \u00e9xito colectivo.<\/p>\n","protected":false},"excerpt":{"rendered":"<p>Desde la crisis iniciada en 2008 el Grupo de los 20 (G20), la OCDE y el Fondo Monetario Internacional (FMI), no han dejado de movilizarse y externar sus preocupaciones por el lento crecimiento de la econom\u00eda mundial<\/p>\n","protected":false},"author":93,"featured_media":0,"comment_status":"open","ping_status":"open","sticky":false,"template":"","format":"standard","meta":{"footnotes":""},"categories":[42],"tags":[],"class_list":["post-22174","post","type-post","status-publish","format-standard","hentry","category-nuestrapalabra"],"_links":{"self":[{"href":"https:\/\/plazajuarez.mx\/historico\/wp-json\/wp\/v2\/posts\/22174","targetHints":{"allow":["GET"]}}],"collection":[{"href":"https:\/\/plazajuarez.mx\/historico\/wp-json\/wp\/v2\/posts"}],"about":[{"href":"https:\/\/plazajuarez.mx\/historico\/wp-json\/wp\/v2\/types\/post"}],"author":[{"embeddable":true,"href":"https:\/\/plazajuarez.mx\/historico\/wp-json\/wp\/v2\/users\/93"}],"replies":[{"embeddable":true,"href":"https:\/\/plazajuarez.mx\/historico\/wp-json\/wp\/v2\/comments?post=22174"}],"version-history":[{"count":0,"href":"https:\/\/plazajuarez.mx\/historico\/wp-json\/wp\/v2\/posts\/22174\/revisions"}],"wp:attachment":[{"href":"https:\/\/plazajuarez.mx\/historico\/wp-json\/wp\/v2\/media?parent=22174"}],"wp:term":[{"taxonomy":"category","embeddable":true,"href":"https:\/\/plazajuarez.mx\/historico\/wp-json\/wp\/v2\/categories?post=22174"},{"taxonomy":"post_tag","embeddable":true,"href":"https:\/\/plazajuarez.mx\/historico\/wp-json\/wp\/v2\/tags?post=22174"}],"curies":[{"name":"wp","href":"https:\/\/api.w.org\/{rel}","templated":true}]}}