{"id":221733,"date":"2022-07-08T07:37:31","date_gmt":"2022-07-08T12:37:31","guid":{"rendered":"https:\/\/plazajuarez.mx\/?p=221733"},"modified":"2022-07-08T07:37:37","modified_gmt":"2022-07-08T12:37:37","slug":"seguridad-privada-se-sumara-en-situaciones-de-emergencia","status":"publish","type":"post","link":"https:\/\/plazajuarez.mx\/historico\/seguridad-privada-se-sumara-en-situaciones-de-emergencia\/","title":{"rendered":"Seguridad privada se sumar\u00e1 en situaciones de emergencia\u00a0"},"content":{"rendered":"\n<p>Derivado de situaciones anteriores referentes al cumplimiento del art\u00edculo 45 de la Ley de Seguridad Privada para el Estado de Hidalgo, en el que se establecen las obligaciones del personal operativo de seguridad privada para acatar llamados de auxilio desde las autoridades estatales, diputados por el Partido del Trabajo (PT) propusieron elevar a rango constitucional dicha norma.<\/p>\n\n\n\n<p>El art\u00edculo 45 antes referido,&nbsp; se\u00f1ala que las empresas privadas de seguridad deben acatar toda solicitud de auxilio, en caso de urgencia, desastre o cuando as\u00ed lo requieran las autoridades de seguridad p\u00fablica de las distintas instancias de gobierno.&nbsp;<\/p>\n\n\n\n<p>Por lo que los legisladores consideran que con la participaci\u00f3n de las empresas de seguridad privada ante casos extraordinarios, se podr\u00e1 robustecer el alcance de actuaci\u00f3n del gobierno hidalguense.<\/p>\n\n\n\n<p>En su argumentaci\u00f3n, explicaron que la propuesta va encaminada a modificar la Constituci\u00f3n Pol\u00edtica del Estado de Hidalgo, para elevarla a rango constitucional, y evitar que las empresas de servicios de seguridad se nieguen a colaborar en las situaciones antes descritas.<\/p>\n\n\n\n<p>Por lo anterior, el p\u00e1rrafo que se propone agregar al art\u00edculo 87 Bis de la Constituci\u00f3n Pol\u00edtica del Estado de Hidalgo es el siguiente: \u201cLas personas autorizadas para prestar\u00a0 servicios de seguridad privada, ser\u00e1n\u00a0 auxiliares de la seguridad p\u00fablica y deber\u00e1n coordinarse con las\u00a0 instituciones encargadas de la\u00a0 Seguridad P\u00fablica, en t\u00e9rminos de lo\u00a0 dispuesto por la legislaci\u00f3n aplicable,\u00a0 en situaciones de emergencia y\u00a0 desastre, para lograr los fines de la\u00a0 Seguridad P\u00fablica\u201d.v<\/p>\n","protected":false},"excerpt":{"rendered":"<p>Derivado de situaciones anteriores referentes al cumplimiento del art\u00edculo 45 de la Ley de Seguridad Privada para el Estado de Hidalgo, en el que se establecen las obligaciones del personal operativo de seguridad privada para acatar llamados de auxilio desde las autoridades estatales, diputados por el Partido del Trabajo (PT) propusieron elevar a rango constitucional [&hellip;]<\/p>\n","protected":false},"author":72,"featured_media":221734,"comment_status":"closed","ping_status":"closed","sticky":false,"template":"","format":"standard","meta":{"footnotes":""},"categories":[15,59,2159],"tags":[],"class_list":["post-221733","post","type-post","status-publish","format-standard","has-post-thumbnail","hentry","category-destacadas","category-general","category-noticias-de-hidalgo"],"_links":{"self":[{"href":"https:\/\/plazajuarez.mx\/historico\/wp-json\/wp\/v2\/posts\/221733","targetHints":{"allow":["GET"]}}],"collection":[{"href":"https:\/\/plazajuarez.mx\/historico\/wp-json\/wp\/v2\/posts"}],"about":[{"href":"https:\/\/plazajuarez.mx\/historico\/wp-json\/wp\/v2\/types\/post"}],"author":[{"embeddable":true,"href":"https:\/\/plazajuarez.mx\/historico\/wp-json\/wp\/v2\/users\/72"}],"replies":[{"embeddable":true,"href":"https:\/\/plazajuarez.mx\/historico\/wp-json\/wp\/v2\/comments?post=221733"}],"version-history":[{"count":0,"href":"https:\/\/plazajuarez.mx\/historico\/wp-json\/wp\/v2\/posts\/221733\/revisions"}],"wp:featuredmedia":[{"embeddable":true,"href":"https:\/\/plazajuarez.mx\/historico\/wp-json\/wp\/v2\/media\/221734"}],"wp:attachment":[{"href":"https:\/\/plazajuarez.mx\/historico\/wp-json\/wp\/v2\/media?parent=221733"}],"wp:term":[{"taxonomy":"category","embeddable":true,"href":"https:\/\/plazajuarez.mx\/historico\/wp-json\/wp\/v2\/categories?post=221733"},{"taxonomy":"post_tag","embeddable":true,"href":"https:\/\/plazajuarez.mx\/historico\/wp-json\/wp\/v2\/tags?post=221733"}],"curies":[{"name":"wp","href":"https:\/\/api.w.org\/{rel}","templated":true}]}}