{"id":221730,"date":"2022-07-08T07:36:09","date_gmt":"2022-07-08T12:36:09","guid":{"rendered":"https:\/\/plazajuarez.mx\/?p=221730"},"modified":"2022-07-08T07:36:15","modified_gmt":"2022-07-08T12:36:15","slug":"va-fortunato-gonzalez-por-reeleccion-municipal","status":"publish","type":"post","link":"https:\/\/plazajuarez.mx\/historico\/va-fortunato-gonzalez-por-reeleccion-municipal\/","title":{"rendered":"Va Fortunato Gonz\u00e1lez\u00a0por reelecci\u00f3n municipal"},"content":{"rendered":"\n<p>Con el objetivo de abrir la puerta a la reelecci\u00f3n en los municipios, el diputado local de la fracci\u00f3n del partido del Movimiento de Regeneraci\u00f3n Nacional (Morena), Fortunato Gonz\u00e1lez Islas, propuso reducir el tiempo de duraci\u00f3n de las administraciones municipales a tres a\u00f1os, mediante la \u201carmonizaci\u00f3n\u201d de la Constituci\u00f3n Pol\u00edtica del Estado de Hidalgo con lo establecido en el art\u00edculo 115 de la Constituci\u00f3n Pol\u00edtica de los Estados Unidos Mexicanos.<\/p>\n\n\n\n<p>De acuerdo con el legislador, con la disminuci\u00f3n de tiempo en una administraci\u00f3n municipal, se permite la reelecci\u00f3n en los cargos por un periodo adicional, ya que la ley establece que este mecanismo s\u00f3lo es posible si el periodo de gobierno \u201cno es superior a los tres a\u00f1os\u201d, adem\u00e1s, la propuesta establece la forma en que deber\u00e1 hacerse la postulaci\u00f3n.<\/p>\n\n\n\n<p>Por lo anterior, se propone que una persona que ya est\u00e9 en el cabildo y que busque hacer efectivo el mecanismo de reelecci\u00f3n, deber\u00e1 ser postulado o postulada por el mismo partido por el que haya ganado la primera elecci\u00f3n o bien, por cualquiera de los que en su momento hayan conformado una coalici\u00f3n.<\/p>\n\n\n\n<p>Cabe destacar que desde 2012 la legislaci\u00f3n advierte que la duraci\u00f3n de las administraciones municipales es de cuatro a\u00f1os, lo que impide que se pueda hacer efectivo que puedan postularse nuevamente por un periodo m\u00e1s, de forma consecutiva, y que fue en las elecciones de 2012 cuando las presidencias municipales comenzaron a tener una duraci\u00f3n de cuatro a\u00f1os, ya que anteriormente s\u00f3lo duraban tres.<\/p>\n","protected":false},"excerpt":{"rendered":"<p>Con el objetivo de abrir la puerta a la reelecci\u00f3n en los municipios, el diputado local de la fracci\u00f3n del partido del Movimiento de Regeneraci\u00f3n Nacional (Morena), Fortunato Gonz\u00e1lez Islas, propuso reducir el tiempo de duraci\u00f3n de las administraciones municipales a tres a\u00f1os, mediante la \u201carmonizaci\u00f3n\u201d de la Constituci\u00f3n Pol\u00edtica del Estado de Hidalgo con [&hellip;]<\/p>\n","protected":false},"author":72,"featured_media":221731,"comment_status":"closed","ping_status":"closed","sticky":false,"template":"","format":"standard","meta":{"footnotes":""},"categories":[59,2159],"tags":[],"class_list":["post-221730","post","type-post","status-publish","format-standard","has-post-thumbnail","hentry","category-general","category-noticias-de-hidalgo"],"_links":{"self":[{"href":"https:\/\/plazajuarez.mx\/historico\/wp-json\/wp\/v2\/posts\/221730","targetHints":{"allow":["GET"]}}],"collection":[{"href":"https:\/\/plazajuarez.mx\/historico\/wp-json\/wp\/v2\/posts"}],"about":[{"href":"https:\/\/plazajuarez.mx\/historico\/wp-json\/wp\/v2\/types\/post"}],"author":[{"embeddable":true,"href":"https:\/\/plazajuarez.mx\/historico\/wp-json\/wp\/v2\/users\/72"}],"replies":[{"embeddable":true,"href":"https:\/\/plazajuarez.mx\/historico\/wp-json\/wp\/v2\/comments?post=221730"}],"version-history":[{"count":0,"href":"https:\/\/plazajuarez.mx\/historico\/wp-json\/wp\/v2\/posts\/221730\/revisions"}],"wp:featuredmedia":[{"embeddable":true,"href":"https:\/\/plazajuarez.mx\/historico\/wp-json\/wp\/v2\/media\/221731"}],"wp:attachment":[{"href":"https:\/\/plazajuarez.mx\/historico\/wp-json\/wp\/v2\/media?parent=221730"}],"wp:term":[{"taxonomy":"category","embeddable":true,"href":"https:\/\/plazajuarez.mx\/historico\/wp-json\/wp\/v2\/categories?post=221730"},{"taxonomy":"post_tag","embeddable":true,"href":"https:\/\/plazajuarez.mx\/historico\/wp-json\/wp\/v2\/tags?post=221730"}],"curies":[{"name":"wp","href":"https:\/\/api.w.org\/{rel}","templated":true}]}}