{"id":221728,"date":"2022-07-08T07:34:50","date_gmt":"2022-07-08T12:34:50","guid":{"rendered":"https:\/\/plazajuarez.mx\/?p=221728"},"modified":"2022-07-08T07:34:57","modified_gmt":"2022-07-08T12:34:57","slug":"las-recomendaciones-subsisten","status":"publish","type":"post","link":"https:\/\/plazajuarez.mx\/historico\/las-recomendaciones-subsisten\/","title":{"rendered":"Las recomendaciones subsisten"},"content":{"rendered":"\n<p><strong>Miguel \u00c1ngel Mancera Espinosa &#8211; Senador de la Rep\u00fablica<\/strong><\/p>\n\n\n\n<p>Ante el crecimiento de la violencia ejercida contra periodistas y personas defensoras de derechos humanos, en 2012 el Estado mexicano cre\u00f3 el llamado Mecanismo de Protecci\u00f3n para Personas Defensoras de Derechos Humanos y Periodistas (MPPDDHP) en el que las autoridades de los tres \u00f3rdenes de gobierno deben cooperar para garantizar la seguridad de quienes ejercen la libertad de expresi\u00f3n en su funci\u00f3n informativa o la defensa de los derechos humanos. <\/p>\n\n\n\n<p>Se trata de una medida que no es originaria ni exclusiva de M\u00e9xico, otros pa\u00edses como Suecia, Colombia o Paraguay han puesto en marcha acciones similares. En el MPPDDHP como en cualquier pol\u00edtica p\u00fablica tanto el dise\u00f1o como la ejecuci\u00f3n importan y se requiere diferenciar los problemas que se ocasionan en una u otra fase para que su funcionamiento sea \u00f3ptimo. <\/p>\n\n\n\n<p>As\u00ed, aunque las normas por las cuales se rigen las autoridades que participan en ellos sean claras, el ejercicio de las atribuciones en los hechos ha producido resultados poco alentadores. Esto ha generado replanteamientos en su dise\u00f1o, como el de 2020 que reform\u00f3 la ley de la materia para asignarle a la Secretar\u00eda de Gobernaci\u00f3n la facultad de determinar el monto presupuestal con el que contar\u00eda el mecanismo, la Coordinaci\u00f3n Ejecutiva Nacional mantuvo la funci\u00f3n de ejecutarlos de acuerdo a lo que determine la Junta de Gobierno, lo que implica cooperaci\u00f3n continua entre las tres autoridades. <\/p>\n\n\n\n<p>Pero a\u00fan con los cambios, en lo que va del sexenio, han ocurrido cerca de 160 asesinatos a periodistas o activistas y de acuerdo con las autoridades 1,455 reciben protecci\u00f3n de alg\u00fan tipo a trav\u00e9s del MPPDDHP por lo que la cantidad de personas activistas y periodistas fallecidas, representan m\u00e1s del 10% del total de las personas que reciben la protecci\u00f3n. <\/p>\n\n\n\n<p>Proponer a la ligera un cambio al mecanismo ser\u00eda sin duda arriesgado pero hay que recordar que la Oficina en M\u00e9xico del Alto Comisionado de la ONU a solicitud de la Secretar\u00eda de Gobernaci\u00f3n realiz\u00f3 en 2019 un diagn\u00f3stico de su funcionamiento en el que se detectaron diversos problemas para los que plante\u00f3 recomendaciones, como (1) garantizar la asignaci\u00f3n adecuada de recursos humanos, materiales y econ\u00f3micos para la operaci\u00f3n, (2) garantizar que todas las personas incorporadas al Mecanismo puedan recibir asesor\u00eda jur\u00eddica, acompa\u00f1amiento psicosocial y atenci\u00f3n de salud, (3) promover la construcci\u00f3n de un marco de sanciones administrativas para las y los funcionarios p\u00fablicos que agredan personas defensoras o periodistas, y (4) realizar un estudio espec\u00edfico que identifique las causas que motivan el bajo n\u00famero de casos concluidos y presentar a la Junta de Gobierno estrategias al respecto.<\/p>\n\n\n\n<p> Es decir que para la protecci\u00f3n de periodistas y defensores de derechos humanos al igual que otros pa\u00edses tenemos un mecanismo de protecci\u00f3n, pero tambi\u00e9n contamos con un diagn\u00f3stico de su funcionamiento realizado por especialistas, del cual se deriv\u00f3 la detecci\u00f3n de 7 problemas de gran importancia y 103 recomendaciones para resolverlos. Sin embargo, de la fecha de la emisi\u00f3n de dicho diagn\u00f3stico al d\u00eda de hoy han muerto 22 periodistas, mientras los problemas y recomendaciones subsisten.<\/p>\n\n\n\n<p>*AGENCIA EL UNIVERSAL<\/p>\n","protected":false},"excerpt":{"rendered":"<p>Miguel \u00c1ngel Mancera Espinosa &#8211; Senador de la Rep\u00fablica Ante el crecimiento de la violencia ejercida contra periodistas y personas defensoras de derechos humanos, en 2012 el Estado mexicano cre\u00f3 el llamado Mecanismo de Protecci\u00f3n para Personas Defensoras de Derechos Humanos y Periodistas (MPPDDHP) en el que las autoridades de los tres \u00f3rdenes de gobierno [&hellip;]<\/p>\n","protected":false},"author":81,"featured_media":0,"comment_status":"closed","ping_status":"closed","sticky":false,"template":"","format":"standard","meta":{"footnotes":""},"categories":[42],"tags":[],"class_list":["post-221728","post","type-post","status-publish","format-standard","hentry","category-nuestrapalabra"],"_links":{"self":[{"href":"https:\/\/plazajuarez.mx\/historico\/wp-json\/wp\/v2\/posts\/221728","targetHints":{"allow":["GET"]}}],"collection":[{"href":"https:\/\/plazajuarez.mx\/historico\/wp-json\/wp\/v2\/posts"}],"about":[{"href":"https:\/\/plazajuarez.mx\/historico\/wp-json\/wp\/v2\/types\/post"}],"author":[{"embeddable":true,"href":"https:\/\/plazajuarez.mx\/historico\/wp-json\/wp\/v2\/users\/81"}],"replies":[{"embeddable":true,"href":"https:\/\/plazajuarez.mx\/historico\/wp-json\/wp\/v2\/comments?post=221728"}],"version-history":[{"count":0,"href":"https:\/\/plazajuarez.mx\/historico\/wp-json\/wp\/v2\/posts\/221728\/revisions"}],"wp:attachment":[{"href":"https:\/\/plazajuarez.mx\/historico\/wp-json\/wp\/v2\/media?parent=221728"}],"wp:term":[{"taxonomy":"category","embeddable":true,"href":"https:\/\/plazajuarez.mx\/historico\/wp-json\/wp\/v2\/categories?post=221728"},{"taxonomy":"post_tag","embeddable":true,"href":"https:\/\/plazajuarez.mx\/historico\/wp-json\/wp\/v2\/tags?post=221728"}],"curies":[{"name":"wp","href":"https:\/\/api.w.org\/{rel}","templated":true}]}}