{"id":221726,"date":"2022-07-08T07:32:32","date_gmt":"2022-07-08T12:32:32","guid":{"rendered":"https:\/\/plazajuarez.mx\/?p=221726"},"modified":"2022-07-08T07:32:37","modified_gmt":"2022-07-08T12:32:37","slug":"contar-historias","status":"publish","type":"post","link":"https:\/\/plazajuarez.mx\/historico\/contar-historias\/","title":{"rendered":"CONTAR HISTORIAS&#8230;"},"content":{"rendered":"\n<h2 class=\"wp-block-heading\">ALFIL NEGRO<\/h2>\n\n\n\n<p>Conforme pasan los a\u00f1os<\/p>\n\n\n\n<p>y la vida se nos pasa,<\/p>\n\n\n\n<p>guardamos en la memoria<\/p>\n\n\n\n<p>las veredas caminadas,<\/p>\n\n\n\n<p>los bosques que hemos mirado,<\/p>\n\n\n\n<p>los aguaceros que mojan,<\/p>\n\n\n\n<p>las madrugadas vividas,<\/p>\n\n\n\n<p>el amor de nuestra esposa,<\/p>\n\n\n\n<p>la risa de nuestros hijos,<\/p>\n\n\n\n<p>las palabras de los padres,<\/p>\n\n\n\n<p>de los hermanos, cari\u00f1o,<\/p>\n\n\n\n<p>las calles de nuestros pueblos,<\/p>\n\n\n\n<p>el tono de las campanas,<\/p>\n\n\n\n<p>el dolor de lo perdido,<\/p>\n\n\n\n<p>tantos amigos ya idos<\/p>\n\n\n\n<p>y todo lo que se tiene<\/p>\n\n\n\n<p>cuando se dice &#8220;he vivido&#8221;.<\/p>\n\n\n\n<p>Y haciendo sumas y restas<\/p>\n\n\n\n<p>ya con los a\u00f1os vividos,<\/p>\n\n\n\n<p>sentimos que lo valioso<\/p>\n\n\n\n<p>es que el reloj de la vida,<\/p>\n\n\n\n<p>nos dice y grita en su paso<\/p>\n\n\n\n<p>que tenemos sobre todo<\/p>\n\n\n\n<p>historias de mil colores,<\/p>\n\n\n\n<p>en blanco, rojo y a veces<\/p>\n\n\n\n<p>en el negro de lo ido,<\/p>\n\n\n\n<p>historias que son la prueba<\/p>\n\n\n\n<p>de lo que hemos caminado.<\/p>\n\n\n\n<p>Y al final nos convertimos<\/p>\n\n\n\n<p>en contadores de historias,<\/p>\n\n\n\n<p>y somos, dicen los sabios,<\/p>\n\n\n\n<p>&#8220;memorias de nuestra gente,<\/p>\n\n\n\n<p>de nuestros pueblos y hermanos&#8221;.<\/p>\n\n\n\n<p>La historia de nuestras calles<\/p>\n\n\n\n<p>de piedra, las de mi pueblo,<\/p>\n\n\n\n<p>de su capilla peque\u00f1a<\/p>\n\n\n\n<p>donde rec\u00e9 con mi madre.<\/p>\n\n\n\n<p>Del sonar de sus campanas<\/p>\n\n\n\n<p>alegres y luego tristes,<\/p>\n\n\n\n<p>de muchos ni\u00f1os jugando,<\/p>\n\n\n\n<p>que ahora ya son hombres.<\/p>\n\n\n\n<p>De su laguna con patos<\/p>\n\n\n\n<p>y pescados de colores,<\/p>\n\n\n\n<p>de sus fiestas peque\u00f1itas<\/p>\n\n\n\n<p>y sus gentes, muchas idas,<\/p>\n\n\n\n<p>la historia de nuestra vida,<\/p>\n\n\n\n<p>la historia de nuestros pueblos.<\/p>\n\n\n\n<p>Contar historias es bueno<\/p>\n\n\n\n<p>y en ellas viene de todo,<\/p>\n\n\n\n<p>luces que nos alegraron<\/p>\n\n\n\n<p>y cirios de llanto y pena.<\/p>\n\n\n\n<p>Y entonces comprendemos<\/p>\n\n\n\n<p>que somos depositarios<\/p>\n\n\n\n<p>de un tesoro de milagro,<\/p>\n\n\n\n<p>la memoria de la vida.<\/p>\n\n\n\n<p>Y en ella caben bodas,<\/p>\n\n\n\n<p>bautizos y graduaciones,<\/p>\n\n\n\n<p>cumplea\u00f1os, navidades<\/p>\n\n\n\n<p>y caben tambi\u00e9n velorios.<\/p>\n\n\n\n<p>Y en este oficio de vida<\/p>\n\n\n\n<p>de ser contador de historias,<\/p>\n\n\n\n<p>siguen aqu\u00ed en la memoria<\/p>\n\n\n\n<p>Roberto Herrera un artista<\/p>\n\n\n\n<p>de la imagen y las luces,<\/p>\n\n\n\n<p>y el buen Manolo Larrieta<\/p>\n\n\n\n<p>voz que se sigue extra\u00f1ando,<\/p>\n\n\n\n<p>Lola Michel y Celaya,<\/p>\n\n\n\n<p>lo mismo el Se\u00f1or Mar\u00edn,<\/p>\n\n\n\n<p>son nombres que no se borran,<\/p>\n\n\n\n<p>y se sum\u00f3 no hace mucho<\/p>\n\n\n\n<p>el amigo Salanueva,<\/p>\n\n\n\n<p>y la voz de los deportes<\/p>\n\n\n\n<p>Alejandro como nombre<\/p>\n\n\n\n<p>y Torres como apellido .<\/p>\n\n\n\n<p>Y en este narrar historias<\/p>\n\n\n\n<p>somos testigos de todo,<\/p>\n\n\n\n<p>del deporte y del poder,<\/p>\n\n\n\n<p>de gentes que un d\u00eda crecieron<\/p>\n\n\n\n<p>y el tiempo los venci\u00f3,<\/p>\n\n\n\n<p>de sue\u00f1os de la grandeza,<\/p>\n\n\n\n<p>due\u00f1os de todo el poder,<\/p>\n\n\n\n<p>que se aferran al pasado<\/p>\n\n\n\n<p>pero su tiempo pas\u00f3 .<\/p>\n\n\n\n<p>Y guardamos con cari\u00f1o<\/p>\n\n\n\n<p>la historia de nuestra vida,<\/p>\n\n\n\n<p>una compa\u00f1era sabia<\/p>\n\n\n\n<p>que el cielo nos regal\u00f3,<\/p>\n\n\n\n<p>y los hijos que el buen Dios<\/p>\n\n\n\n<p>como premio nos mand\u00f3,<\/p>\n\n\n\n<p>y agradecemos con gusto<\/p>\n\n\n\n<p>los hermanos siempre fieles,<\/p>\n\n\n\n<p>los amigos y familia<\/p>\n\n\n\n<p>hombro con hombro, en la senda<\/p>\n\n\n\n<p>que el Se\u00f1or nos dise\u00f1\u00f3.<\/p>\n\n\n\n<p>Yo soy contador de historias<\/p>\n\n\n\n<p>que se puede traducir,<\/p>\n\n\n\n<p>soy testigo de la vida<\/p>\n\n\n\n<p>y eso me toca contar.<\/p>\n","protected":false},"excerpt":{"rendered":"<p>ALFIL NEGRO Conforme pasan los a\u00f1os y la vida se nos pasa, guardamos en la memoria las veredas caminadas, los bosques que hemos mirado, los aguaceros que mojan, las madrugadas vividas, el amor de nuestra esposa, la risa de nuestros hijos, las palabras de los padres, de los hermanos, cari\u00f1o, las calles de nuestros pueblos, [&hellip;]<\/p>\n","protected":false},"author":83,"featured_media":208526,"comment_status":"closed","ping_status":"closed","sticky":false,"template":"","format":"standard","meta":{"footnotes":""},"categories":[48,42],"tags":[],"class_list":["post-221726","post","type-post","status-publish","format-standard","has-post-thumbnail","hentry","category-adalberto-peralta","category-nuestrapalabra"],"_links":{"self":[{"href":"https:\/\/plazajuarez.mx\/historico\/wp-json\/wp\/v2\/posts\/221726","targetHints":{"allow":["GET"]}}],"collection":[{"href":"https:\/\/plazajuarez.mx\/historico\/wp-json\/wp\/v2\/posts"}],"about":[{"href":"https:\/\/plazajuarez.mx\/historico\/wp-json\/wp\/v2\/types\/post"}],"author":[{"embeddable":true,"href":"https:\/\/plazajuarez.mx\/historico\/wp-json\/wp\/v2\/users\/83"}],"replies":[{"embeddable":true,"href":"https:\/\/plazajuarez.mx\/historico\/wp-json\/wp\/v2\/comments?post=221726"}],"version-history":[{"count":0,"href":"https:\/\/plazajuarez.mx\/historico\/wp-json\/wp\/v2\/posts\/221726\/revisions"}],"wp:featuredmedia":[{"embeddable":true,"href":"https:\/\/plazajuarez.mx\/historico\/wp-json\/wp\/v2\/media\/208526"}],"wp:attachment":[{"href":"https:\/\/plazajuarez.mx\/historico\/wp-json\/wp\/v2\/media?parent=221726"}],"wp:term":[{"taxonomy":"category","embeddable":true,"href":"https:\/\/plazajuarez.mx\/historico\/wp-json\/wp\/v2\/categories?post=221726"},{"taxonomy":"post_tag","embeddable":true,"href":"https:\/\/plazajuarez.mx\/historico\/wp-json\/wp\/v2\/tags?post=221726"}],"curies":[{"name":"wp","href":"https:\/\/api.w.org\/{rel}","templated":true}]}}