{"id":221716,"date":"2022-07-07T18:38:08","date_gmt":"2022-07-07T23:38:08","guid":{"rendered":"https:\/\/plazajuarez.mx\/?p=221716"},"modified":"2022-07-07T18:38:14","modified_gmt":"2022-07-07T23:38:14","slug":"mueren_dos","status":"publish","type":"post","link":"https:\/\/plazajuarez.mx\/historico\/mueren_dos\/","title":{"rendered":"Mueren dos personas en accidente sobre la carretera Pir\u00e1mides &#8211; Tulancingo"},"content":{"rendered":"\n<p>La tarde de este jueves se registr\u00f3 un aparatoso accidente automovil\u00edstico en la carretera Pir\u00e1mides &#8211; Tulancingo, a la altura del kil\u00f3metro 69, en territorio del municipio de Singuilucan, dejando como saldo dos personas fallecidas y una lesionada.<\/p>\n\n\n\n<p>En el accidente estuvieron involucrados un auto compacto y un cami\u00f3n con caja seca, color blanco, modelo 2018, en el cual se encontraban dos personas del sexo masculino prensadas, ya que se impactaron con un veh\u00edculo BMW color guinda con placas HHD133C, en el cual se encontraba el cuerpo de una persona sin vida.<\/p>\n\n\n\n<p>Al lugar arribaron unidades y elementos de protecci\u00f3n civil de Zempoala y Bomberos Tulancingo.<\/p>\n\n\n\n<p>De acuerdo a informaci\u00f3n policial, tanto el conductor del autom\u00f3vil como el del cami\u00f3n perdieron la vida y una persona m\u00e1s result\u00f3 lesionada, por lo que fue trasladada por param\u00e9dicos de Cruz Roja a un hospital de la regi\u00f3n.<\/p>\n\n\n\n<p>El conductor del cami\u00f3n fue identificado con el nombre de iniciales J. M. G.<\/p>\n\n\n\n<p>Bomberos y Protecci\u00f3n Civil de Tulancingo tuvieron que hacer uso de las llamadas &#8220;Quijadas de la Vida&#8221;, para rescatar los cuerpos que quedaron atrapados entre los fierros retorcidos.<\/p>\n\n\n\n<p>Polic\u00eda Municipal de Singuilucan, Polic\u00eda Estatal y Guardia Nacional se hicieron cargo del incidente .<\/p>\n","protected":false},"excerpt":{"rendered":"<p>La tarde de este jueves se registr\u00f3 un aparatoso accidente automovil\u00edstico en la carretera Pir\u00e1mides &#8211; Tulancingo, a la altura del kil\u00f3metro 69, en territorio del municipio de Singuilucan, dejando como saldo dos personas fallecidas y una lesionada. En el accidente estuvieron involucrados un auto compacto y un cami\u00f3n con caja seca, color blanco, modelo [&hellip;]<\/p>\n","protected":false},"author":93,"featured_media":221717,"comment_status":"closed","ping_status":"closed","sticky":false,"template":"","format":"standard","meta":{"footnotes":""},"categories":[15,59,2159,40],"tags":[],"class_list":["post-221716","post","type-post","status-publish","format-standard","has-post-thumbnail","hentry","category-destacadas","category-general","category-noticias-de-hidalgo","category-region"],"_links":{"self":[{"href":"https:\/\/plazajuarez.mx\/historico\/wp-json\/wp\/v2\/posts\/221716","targetHints":{"allow":["GET"]}}],"collection":[{"href":"https:\/\/plazajuarez.mx\/historico\/wp-json\/wp\/v2\/posts"}],"about":[{"href":"https:\/\/plazajuarez.mx\/historico\/wp-json\/wp\/v2\/types\/post"}],"author":[{"embeddable":true,"href":"https:\/\/plazajuarez.mx\/historico\/wp-json\/wp\/v2\/users\/93"}],"replies":[{"embeddable":true,"href":"https:\/\/plazajuarez.mx\/historico\/wp-json\/wp\/v2\/comments?post=221716"}],"version-history":[{"count":0,"href":"https:\/\/plazajuarez.mx\/historico\/wp-json\/wp\/v2\/posts\/221716\/revisions"}],"wp:featuredmedia":[{"embeddable":true,"href":"https:\/\/plazajuarez.mx\/historico\/wp-json\/wp\/v2\/media\/221717"}],"wp:attachment":[{"href":"https:\/\/plazajuarez.mx\/historico\/wp-json\/wp\/v2\/media?parent=221716"}],"wp:term":[{"taxonomy":"category","embeddable":true,"href":"https:\/\/plazajuarez.mx\/historico\/wp-json\/wp\/v2\/categories?post=221716"},{"taxonomy":"post_tag","embeddable":true,"href":"https:\/\/plazajuarez.mx\/historico\/wp-json\/wp\/v2\/tags?post=221716"}],"curies":[{"name":"wp","href":"https:\/\/api.w.org\/{rel}","templated":true}]}}