{"id":221704,"date":"2022-07-07T14:19:01","date_gmt":"2022-07-07T19:19:01","guid":{"rendered":"https:\/\/plazajuarez.mx\/?p=221704"},"modified":"2022-07-07T14:24:57","modified_gmt":"2022-07-07T19:24:57","slug":"detectan_","status":"publish","type":"post","link":"https:\/\/plazajuarez.mx\/historico\/detectan_\/","title":{"rendered":"Detectan primer caso de viruela s\u00edmica en Nuevo Le\u00f3n"},"content":{"rendered":"\n<p>Nuevo Le\u00f3n registr\u00f3 el primer caso de viruela s\u00edmica en un paciente que fue atendido en el Hospital Universitario, inform\u00f3 la titular de la Secretar\u00eda Estatal de Salud, Alma Rosa Marroqu\u00edn Quintanilla, acompa\u00f1ada por el infect\u00f3logo Adri\u00e1n Camacho, quien atiende el caso.<\/p>\n\n\n\n<p>El doctor Camacho, mencion\u00f3 que el paciente fue diagnosticado recientemente por una colaboraci\u00f3n entre todos los servicios y departamentos del mencionado hospital, primeramente siendo sospechado por el departamento de Dermatolog\u00eda, posteriormente tratado por Infectolog\u00eda y Control de Infecciones, y finalmente por el departamento de Bioqu\u00edmica donde hicieron la identificaci\u00f3n inicial.<\/p>\n\n\n\n<p>Las muestras, coment\u00f3, se mandan al INDRE, ya que es la \u00fanica instituci\u00f3n encargada de notificar estos casos.<\/p>\n\n\n\n<p>\u201cNosotros hicimos las pruebas iniciales, secuenciaci\u00f3n viral gen\u00f3mica completa y no tenemos ninguna duda del diagn\u00f3stico; ya en conjunto con la Secretar\u00eda de Salud del Estado, lo notificamos (al INDRE) desde los primeros minutos que ten\u00edamos la sospecha, y se tomaron las medidas necesarias de cerco epidemiol\u00f3gico y de seguimiento de contacto de este paciente\u201d.<\/p>\n\n\n\n<p>&#8211;Paciente es un hombre que vive con VIH<\/p>\n\n\n\n<p>Agreg\u00f3 que el paciente es un hombre joven que vive con VIH y ten\u00eda algunas lesiones que hicieron sospechar a los dermat\u00f3logos del Hospital Universitario que se trataba de la viruela s\u00edmica.<\/p>\n\n\n\n<p>Expuso el doctor Camacho que al detectarse este primer caso en la entidad, se podr\u00e1n delimitar los contagios que pudiera haber en el estado o hallarse en riesgo de contraer la enfermedad.<\/p>\n","protected":false},"excerpt":{"rendered":"<p>Nuevo Le\u00f3n registr\u00f3 el primer caso de viruela s\u00edmica en un paciente que fue atendido en el Hospital Universitario, inform\u00f3 la titular de la Secretar\u00eda Estatal de Salud, Alma Rosa Marroqu\u00edn Quintanilla, acompa\u00f1ada por el infect\u00f3logo Adri\u00e1n Camacho, quien atiende el caso. El doctor Camacho, mencion\u00f3 que el paciente fue diagnosticado recientemente por una colaboraci\u00f3n [&hellip;]<\/p>\n","protected":false},"author":81,"featured_media":221705,"comment_status":"closed","ping_status":"closed","sticky":false,"template":"","format":"standard","meta":{"footnotes":""},"categories":[15,36],"tags":[],"class_list":["post-221704","post","type-post","status-publish","format-standard","has-post-thumbnail","hentry","category-destacadas","category-nacion"],"_links":{"self":[{"href":"https:\/\/plazajuarez.mx\/historico\/wp-json\/wp\/v2\/posts\/221704","targetHints":{"allow":["GET"]}}],"collection":[{"href":"https:\/\/plazajuarez.mx\/historico\/wp-json\/wp\/v2\/posts"}],"about":[{"href":"https:\/\/plazajuarez.mx\/historico\/wp-json\/wp\/v2\/types\/post"}],"author":[{"embeddable":true,"href":"https:\/\/plazajuarez.mx\/historico\/wp-json\/wp\/v2\/users\/81"}],"replies":[{"embeddable":true,"href":"https:\/\/plazajuarez.mx\/historico\/wp-json\/wp\/v2\/comments?post=221704"}],"version-history":[{"count":0,"href":"https:\/\/plazajuarez.mx\/historico\/wp-json\/wp\/v2\/posts\/221704\/revisions"}],"wp:featuredmedia":[{"embeddable":true,"href":"https:\/\/plazajuarez.mx\/historico\/wp-json\/wp\/v2\/media\/221705"}],"wp:attachment":[{"href":"https:\/\/plazajuarez.mx\/historico\/wp-json\/wp\/v2\/media?parent=221704"}],"wp:term":[{"taxonomy":"category","embeddable":true,"href":"https:\/\/plazajuarez.mx\/historico\/wp-json\/wp\/v2\/categories?post=221704"},{"taxonomy":"post_tag","embeddable":true,"href":"https:\/\/plazajuarez.mx\/historico\/wp-json\/wp\/v2\/tags?post=221704"}],"curies":[{"name":"wp","href":"https:\/\/api.w.org\/{rel}","templated":true}]}}