{"id":2217,"date":"2015-03-14T06:00:00","date_gmt":"2015-03-14T06:00:00","guid":{"rendered":"http:\/\/plazajuarez.mx\/index\/index.php\/2015\/03\/14\/simeone-elogia-llamado-al-tri-de-jimenez\/"},"modified":"2015-03-14T06:00:00","modified_gmt":"2015-03-14T06:00:00","slug":"simeone-elogia-llamado-al-tri-de-jimenez","status":"publish","type":"post","link":"https:\/\/plazajuarez.mx\/historico\/simeone-elogia-llamado-al-tri-de-jimenez\/","title":{"rendered":"Simeone elogia llamado al Tri de Jimenez"},"content":{"rendered":"<p><strong><span style=\"font-family: verdana,geneva; font-size: 10pt;\">Diego Simeone, director t\u00e9cnico del Atl\u00e9tico de Madrid, celebr\u00f3 ayer que el delantero Ra\u00fal Jim\u00e9nez fuera convocado por la Selecci\u00f3n Mexicana para sus pr\u00f3ximos compromisos amistosos, a pesar de la poca actividad del ex de Am\u00e9rica.<\/span><\/strong><\/p>\n<p>  <!--more-->  <\/p>\n<p>\u00a0<\/p>\n<p><span style=\"font-family: verdana,geneva; font-size: 10pt;\">\u00a0<\/span><\/p>\n<p><span style=\"font-family: verdana,geneva; font-size: 10pt;\">&#8220;Est\u00e1 trabajando extraordinariamente bien, no se le ha visto un d\u00eda con mala cara&#8221;.<\/span><\/p>\n<p><span style=\"font-family: verdana,geneva; font-size: 10pt;\">Simeone no es indiferente al hecho de que Ra\u00fal Jim\u00e9nez no acumula muchos minutos en la temporada.<\/span><\/p>\n<p><span style=\"font-family: verdana,geneva; font-size: 10pt;\">\u00a0<\/span><\/p>\n<p><span style=\"font-family: verdana,geneva; font-size: 10pt;\">&#8220;Muy contento sinceramente de que, pese a los muy pocos minutos que ha tenido, el entrenador conf\u00ede en \u00e9l, porque lo conoce y porque est\u00e1 trabajando extraordinariamente bien.<\/span><\/p>\n<p><span style=\"font-family: verdana,geneva; font-size: 10pt;\">\u00a0<\/span><\/p>\n<p><span style=\"font-family: verdana,geneva; font-size: 10pt;\">&#8220;Est\u00e1 compitiendo con futbolistas que llevan a\u00f1os en el club, con Torres, que ha venido pero conoce la casa, y con Mandzukic, un jugador determinante para nosotros&#8221;, concluy\u00f3.<\/span><\/p>\n","protected":false},"excerpt":{"rendered":"<p>Diego Simeone, director t\u00e9cnico del Atl\u00e9tico de Madrid, celebr\u00f3 ayer que el delantero Ra\u00fal Jim\u00e9nez fuera convocado por la Selecci\u00f3n Mexicana para sus pr\u00f3ximos compromisos amistosos, a pesar de la poca actividad del ex de Am\u00e9rica.<\/p>\n","protected":false},"author":93,"featured_media":0,"comment_status":"open","ping_status":"open","sticky":false,"template":"","format":"standard","meta":{"footnotes":""},"categories":[39],"tags":[],"class_list":["post-2217","post","type-post","status-publish","format-standard","hentry","category-deportiva"],"_links":{"self":[{"href":"https:\/\/plazajuarez.mx\/historico\/wp-json\/wp\/v2\/posts\/2217","targetHints":{"allow":["GET"]}}],"collection":[{"href":"https:\/\/plazajuarez.mx\/historico\/wp-json\/wp\/v2\/posts"}],"about":[{"href":"https:\/\/plazajuarez.mx\/historico\/wp-json\/wp\/v2\/types\/post"}],"author":[{"embeddable":true,"href":"https:\/\/plazajuarez.mx\/historico\/wp-json\/wp\/v2\/users\/93"}],"replies":[{"embeddable":true,"href":"https:\/\/plazajuarez.mx\/historico\/wp-json\/wp\/v2\/comments?post=2217"}],"version-history":[{"count":0,"href":"https:\/\/plazajuarez.mx\/historico\/wp-json\/wp\/v2\/posts\/2217\/revisions"}],"wp:attachment":[{"href":"https:\/\/plazajuarez.mx\/historico\/wp-json\/wp\/v2\/media?parent=2217"}],"wp:term":[{"taxonomy":"category","embeddable":true,"href":"https:\/\/plazajuarez.mx\/historico\/wp-json\/wp\/v2\/categories?post=2217"},{"taxonomy":"post_tag","embeddable":true,"href":"https:\/\/plazajuarez.mx\/historico\/wp-json\/wp\/v2\/tags?post=2217"}],"curies":[{"name":"wp","href":"https:\/\/api.w.org\/{rel}","templated":true}]}}