{"id":221696,"date":"2022-07-07T13:25:34","date_gmt":"2022-07-07T18:25:34","guid":{"rendered":"https:\/\/plazajuarez.mx\/?p=221696"},"modified":"2022-07-07T13:25:41","modified_gmt":"2022-07-07T18:25:41","slug":"debanhi_dictamenes","status":"publish","type":"post","link":"https:\/\/plazajuarez.mx\/historico\/debanhi_dictamenes\/","title":{"rendered":"Alistan dict\u00e1menes de causa de muerte de Debanhi para pr\u00f3xima semana"},"content":{"rendered":"\n<p> El subsecretario de Seguridad, Ricardo Mejia Berdeja, inform\u00f3 que entre el 13 y 15 de julio se entregar\u00e1n las conclusiones de los dict\u00e1menes realizados en el cuerpo de Debanhi Escobar Bazald\u00faa, quien apareci\u00f3 sin vida en Escobedo, Nuevo Le\u00f3n, para determinar con certeza cu\u00e1l fue la causa de la muerte de la joven.<\/p>\n\n\n\n<p>Al presentar el informe Cero Impunidad en la conferencia ma\u00f1anera del presidente Andr\u00e9s Manuel L\u00f3pez Obrador, Mej\u00eda Berdeja refiri\u00f3 que tras la autorizaci\u00f3n del proceso legal de exhumaci\u00f3n por parte de un juez de Control, \u00e9ste se realiz\u00f3 los d\u00edas 1 y 2 de julio por un grupo de trabajo conformado por la Fiscal\u00eda de Nuevo Le\u00f3n; un equipo de la Comisi\u00f3n Ejecutiva de Atenci\u00f3n a V\u00edctimas; m\u00e9dicos especialistas del Tribunal Superior de Justicia de la Ciudad de M\u00e9xico, del Instituto de Ciencias Forenses; y un perito especialista de ONU Mujeres.<\/p>\n\n\n\n<p>&#8220;Personal de la Secretar\u00eda de Seguridad, de Gobernaci\u00f3n y los padres de la v\u00edctima, se trasladaron al Pante\u00f3n Ejidal de Galeana, Nuevo Le\u00f3n, para la exhumaci\u00f3n del cuerpo de Debanhi.<\/p>\n\n\n\n<p>&#8220;Ese mismo d\u00eda iniciaron los trabajos en las instalaciones del Centro M\u00e9dico Forense, entre los forenses y los especialistas se tomaron las muestras, se hicieron las periciales forenses correspondientes y los estudios histopatol\u00f3gicos&#8221;, refiri\u00f3 el subsecretario.<\/p>\n\n\n\n<p>Se\u00f1al\u00f3 que una vez concluidos estos estudios, el d\u00eda 2, se trasladaron nuevamente al pante\u00f3n de Galeana para hacer la inhumaci\u00f3n del cuerpo.<\/p>\n","protected":false},"excerpt":{"rendered":"<p>El subsecretario de Seguridad, Ricardo Mejia Berdeja, inform\u00f3 que entre el 13 y 15 de julio se entregar\u00e1n las conclusiones de los dict\u00e1menes realizados en el cuerpo de Debanhi Escobar Bazald\u00faa, quien apareci\u00f3 sin vida en Escobedo, Nuevo Le\u00f3n, para determinar con certeza cu\u00e1l fue la causa de la muerte de la joven. Al presentar [&hellip;]<\/p>\n","protected":false},"author":81,"featured_media":213230,"comment_status":"closed","ping_status":"closed","sticky":false,"template":"","format":"standard","meta":{"footnotes":""},"categories":[15,36],"tags":[],"class_list":["post-221696","post","type-post","status-publish","format-standard","has-post-thumbnail","hentry","category-destacadas","category-nacion"],"_links":{"self":[{"href":"https:\/\/plazajuarez.mx\/historico\/wp-json\/wp\/v2\/posts\/221696","targetHints":{"allow":["GET"]}}],"collection":[{"href":"https:\/\/plazajuarez.mx\/historico\/wp-json\/wp\/v2\/posts"}],"about":[{"href":"https:\/\/plazajuarez.mx\/historico\/wp-json\/wp\/v2\/types\/post"}],"author":[{"embeddable":true,"href":"https:\/\/plazajuarez.mx\/historico\/wp-json\/wp\/v2\/users\/81"}],"replies":[{"embeddable":true,"href":"https:\/\/plazajuarez.mx\/historico\/wp-json\/wp\/v2\/comments?post=221696"}],"version-history":[{"count":0,"href":"https:\/\/plazajuarez.mx\/historico\/wp-json\/wp\/v2\/posts\/221696\/revisions"}],"wp:featuredmedia":[{"embeddable":true,"href":"https:\/\/plazajuarez.mx\/historico\/wp-json\/wp\/v2\/media\/213230"}],"wp:attachment":[{"href":"https:\/\/plazajuarez.mx\/historico\/wp-json\/wp\/v2\/media?parent=221696"}],"wp:term":[{"taxonomy":"category","embeddable":true,"href":"https:\/\/plazajuarez.mx\/historico\/wp-json\/wp\/v2\/categories?post=221696"},{"taxonomy":"post_tag","embeddable":true,"href":"https:\/\/plazajuarez.mx\/historico\/wp-json\/wp\/v2\/tags?post=221696"}],"curies":[{"name":"wp","href":"https:\/\/api.w.org\/{rel}","templated":true}]}}