{"id":221616,"date":"2022-07-07T08:00:00","date_gmt":"2022-07-07T13:00:00","guid":{"rendered":"https:\/\/plazajuarez.mx\/?p=221616"},"modified":"2022-07-07T08:31:20","modified_gmt":"2022-07-07T13:31:20","slug":"regreso-a-clases-en-linea","status":"publish","type":"post","link":"https:\/\/plazajuarez.mx\/historico\/regreso-a-clases-en-linea\/","title":{"rendered":"Regreso a clases en l\u00ednea"},"content":{"rendered":"\n<p>El titular de la Secretar\u00eda de Salud de Hidalgo (SSH), Efra\u00edn Ben\u00edtez Herrera, asegur\u00f3 que la sugerencia de concluir el ciclo escolar 2021 &#8211; 2022 en l\u00ednea, es con el objetivo de evitar que los ni\u00f1os se enfermen, que existan mutaciones y enfermedades post COVID-19.<\/p>\n\n\n\n<p>En entrevista para \u201cAl Aire\u201d, noticiario producido por Diario Plaza Ju\u00e1rez, detall\u00f3 que la determinaci\u00f3n se tom\u00f3 derivado del incremento en el n\u00famero de casos en 11 municipios, los cu\u00e1les tambi\u00e9n presentan alta concentraci\u00f3n de personas y movilidad.<\/p>\n\n\n\n<p>Dijo \u201cqueremos cortar los canales de transmisi\u00f3n mandando tres semanas antes a los ni\u00f1os a sus casas, hay asociaciones de padres que se\u00f1alan una violaci\u00f3n a los derechos de los menores y salud mental, pero no los estamos mandando a confinamiento, estamos mandando a los ni\u00f1os a tomar clases a distancia, por tres semanas\u201d.<\/p>\n\n\n\n<p>Lo anterior al explicar que de terminar el ciclo escolar de manera presencial, a finales de julio se registrar\u00e1 una aceleraci\u00f3n de casos, teniendo el pico m\u00e1s alto a la mitad de agosto y todav\u00eda un ascenso para el regreso a clases a principios de septiembre.<\/p>\n\n\n\n<p>Ben\u00edtez Herrera dijo \u201cla pandemia no ha terminado, se puede prolongar m\u00e1s en virtud a que el virus tiene una adaptabilidad impresionante, la cepa original ha mutado muchas veces, pero ha habido cinco de preocupaci\u00f3n, una de ellas es Omicron y la&nbsp; BA.5 que tiene un linaje que observa fuga inmunol\u00f3gica de consideraci\u00f3n, es decir, que escapa a la inmunidad creada por la vacuna\u201d.<\/p>\n\n\n\n<p>En ese sentido reiter\u00f3 \u201cqueremos evitar que los ni\u00f1os se enfermen, que existan mutaciones, y que haya enfermedades post covid que se han presentado en el estado, como el s\u00edndrome inflamatorio multisist\u00e9mico pedi\u00e1trico y la enfermedad hep\u00e1tica aguda grave de causa desconocida que tiene relaci\u00f3n \u00edntima con ni\u00f1os que padecieron covid-19\u201d.<\/p>\n\n\n\n<p>Agreg\u00f3 \u201cel coronavirus tiene capacidad de mutar y adaptarse, m\u00e1s que nosotros la capacidad de generar vacunas o armas que ayuden a controlar la pandemia, lejos de terminar, estamos muy lejos de ver el fin de este problema si no se toman las cosas con seriedad\u201d.<\/p>\n\n\n\n<p>Por lo anterior exhort\u00f3 a tomar el asunto con seriedad y continuar con las medidas de bioseguridad, como el lavado de manos, uso de cubrebocas y aplicar la sana distancia, \u201cdespu\u00e9s de dos a\u00f1os y meses de pandemia la gente comienza a cansarse, pero si no tomamos en cuenta, ser\u00e1 un cuento de nunca acabar y porque puede mutar a una cepa m\u00e1s virulenta, letal y con escape total a las vacunas con las que contamos\u201d.<\/p>\n","protected":false},"excerpt":{"rendered":"<p>El titular de la Secretar\u00eda de Salud de Hidalgo (SSH), Efra\u00edn Ben\u00edtez Herrera, asegur\u00f3 que la sugerencia de concluir el ciclo escolar 2021 &#8211; 2022 en l\u00ednea, es con el objetivo de evitar que los ni\u00f1os se enfermen, que existan mutaciones y enfermedades post COVID-19. En entrevista para \u201cAl Aire\u201d, noticiario producido por Diario Plaza [&hellip;]<\/p>\n","protected":false},"author":73,"featured_media":221617,"comment_status":"closed","ping_status":"closed","sticky":false,"template":"","format":"standard","meta":{"footnotes":""},"categories":[15,59,2159],"tags":[],"class_list":["post-221616","post","type-post","status-publish","format-standard","has-post-thumbnail","hentry","category-destacadas","category-general","category-noticias-de-hidalgo"],"_links":{"self":[{"href":"https:\/\/plazajuarez.mx\/historico\/wp-json\/wp\/v2\/posts\/221616","targetHints":{"allow":["GET"]}}],"collection":[{"href":"https:\/\/plazajuarez.mx\/historico\/wp-json\/wp\/v2\/posts"}],"about":[{"href":"https:\/\/plazajuarez.mx\/historico\/wp-json\/wp\/v2\/types\/post"}],"author":[{"embeddable":true,"href":"https:\/\/plazajuarez.mx\/historico\/wp-json\/wp\/v2\/users\/73"}],"replies":[{"embeddable":true,"href":"https:\/\/plazajuarez.mx\/historico\/wp-json\/wp\/v2\/comments?post=221616"}],"version-history":[{"count":0,"href":"https:\/\/plazajuarez.mx\/historico\/wp-json\/wp\/v2\/posts\/221616\/revisions"}],"wp:featuredmedia":[{"embeddable":true,"href":"https:\/\/plazajuarez.mx\/historico\/wp-json\/wp\/v2\/media\/221617"}],"wp:attachment":[{"href":"https:\/\/plazajuarez.mx\/historico\/wp-json\/wp\/v2\/media?parent=221616"}],"wp:term":[{"taxonomy":"category","embeddable":true,"href":"https:\/\/plazajuarez.mx\/historico\/wp-json\/wp\/v2\/categories?post=221616"},{"taxonomy":"post_tag","embeddable":true,"href":"https:\/\/plazajuarez.mx\/historico\/wp-json\/wp\/v2\/tags?post=221616"}],"curies":[{"name":"wp","href":"https:\/\/api.w.org\/{rel}","templated":true}]}}