{"id":221581,"date":"2022-07-06T14:24:55","date_gmt":"2022-07-06T19:24:55","guid":{"rendered":"https:\/\/plazajuarez.mx\/?p=221581"},"modified":"2022-07-06T14:25:01","modified_gmt":"2022-07-06T19:25:01","slug":"gobernador_sanluis","status":"publish","type":"post","link":"https:\/\/plazajuarez.mx\/historico\/gobernador_sanluis\/","title":{"rendered":"Gobernador de San Luis Potos\u00ed da positivo a Covid"},"content":{"rendered":"\n<p>El gobernador de San Luis Potos\u00ed, Ricardo Gallardo Cardona, inform\u00f3 este mi\u00e9rcoles que sali\u00f3 positivo a Covid-19.<\/p>\n\n\n\n<p>A trav\u00e9s de sus redes sociales, el mandatario estatal refiri\u00f3 que es la primera vez que se contagia, desde el inicio de la contingencia sanitaria en el 2020.<\/p>\n\n\n\n<p>&#8220;Los s\u00edntomas son leves y me tendr\u00e9 que aislar, pero seguir\u00e9 trabajando desde casa con mucho \u00e1nimo&#8221;, refiri\u00f3 Cardona Gallardo en la publicaci\u00f3n que acompa\u00f1\u00f3 con una imagen de una prueba en la que se aprecia el resultado positivo a Covid-19.<\/p>\n\n\n\n<p>&#8220;Hay muchas cosas pendientes para seguir impulsando el desarrollo de la entidad y los programas sociales en todos los municipios&#8221;, destac\u00f3 el gobernador.<\/p>\n\n\n\n<p>Gallardo Cardona mencion\u00f3 que mantendr\u00e1 a todos informados sobre el avance de su estado de salud y aprovech\u00f3 para hacer un llamado a la poblaci\u00f3n &#8220;a seguir vacun\u00e1ndose&#8221;.<\/p>\n\n\n\n<p>Los Servicios de Salud de San Luis Potos\u00ed informaron que en las \u00faltimas 24 horas se registraron 367 casos positivos en la entidad, cifra que sigue al alza derivado de la quinta ola de Covid-19.<\/p>\n","protected":false},"excerpt":{"rendered":"<p>El gobernador de San Luis Potos\u00ed, Ricardo Gallardo Cardona, inform\u00f3 este mi\u00e9rcoles que sali\u00f3 positivo a Covid-19. A trav\u00e9s de sus redes sociales, el mandatario estatal refiri\u00f3 que es la primera vez que se contagia, desde el inicio de la contingencia sanitaria en el 2020. &#8220;Los s\u00edntomas son leves y me tendr\u00e9 que aislar, pero [&hellip;]<\/p>\n","protected":false},"author":81,"featured_media":221582,"comment_status":"closed","ping_status":"closed","sticky":false,"template":"","format":"standard","meta":{"footnotes":""},"categories":[2163],"tags":[],"class_list":["post-221581","post","type-post","status-publish","format-standard","has-post-thumbnail","hentry","category-noticias-de-slp"],"_links":{"self":[{"href":"https:\/\/plazajuarez.mx\/historico\/wp-json\/wp\/v2\/posts\/221581","targetHints":{"allow":["GET"]}}],"collection":[{"href":"https:\/\/plazajuarez.mx\/historico\/wp-json\/wp\/v2\/posts"}],"about":[{"href":"https:\/\/plazajuarez.mx\/historico\/wp-json\/wp\/v2\/types\/post"}],"author":[{"embeddable":true,"href":"https:\/\/plazajuarez.mx\/historico\/wp-json\/wp\/v2\/users\/81"}],"replies":[{"embeddable":true,"href":"https:\/\/plazajuarez.mx\/historico\/wp-json\/wp\/v2\/comments?post=221581"}],"version-history":[{"count":0,"href":"https:\/\/plazajuarez.mx\/historico\/wp-json\/wp\/v2\/posts\/221581\/revisions"}],"wp:featuredmedia":[{"embeddable":true,"href":"https:\/\/plazajuarez.mx\/historico\/wp-json\/wp\/v2\/media\/221582"}],"wp:attachment":[{"href":"https:\/\/plazajuarez.mx\/historico\/wp-json\/wp\/v2\/media?parent=221581"}],"wp:term":[{"taxonomy":"category","embeddable":true,"href":"https:\/\/plazajuarez.mx\/historico\/wp-json\/wp\/v2\/categories?post=221581"},{"taxonomy":"post_tag","embeddable":true,"href":"https:\/\/plazajuarez.mx\/historico\/wp-json\/wp\/v2\/tags?post=221581"}],"curies":[{"name":"wp","href":"https:\/\/api.w.org\/{rel}","templated":true}]}}