{"id":221578,"date":"2022-07-06T14:14:09","date_gmt":"2022-07-06T19:14:09","guid":{"rendered":"https:\/\/plazajuarez.mx\/?p=221578"},"modified":"2022-07-06T14:14:16","modified_gmt":"2022-07-06T19:14:16","slug":"arturo_zaldivar-2","status":"publish","type":"post","link":"https:\/\/plazajuarez.mx\/historico\/arturo_zaldivar-2\/","title":{"rendered":"Arturo Zald\u00edvar presenta iniciativa para castigar feminicidio"},"content":{"rendered":"\n<p>El ministro presidente de la Suprema Corte de Justicia de la Naci\u00f3n (SCJN), Arturo Zald\u00edvar, present\u00f3 ante la Comisi\u00f3n Permanente del Congreso la iniciativa de Ley General para Prevenir, Investigar, Sancionar y Reparar el Feminicidio, la cual busca responder a la grave situaci\u00f3n que enfrenta el pa\u00eds por el creciente n\u00famero de feminicidios.<\/p>\n\n\n\n<p>Durante una reuni\u00f3n con senadores y diputados federales en materia de agenda legislativa para la prevenci\u00f3n de la violencia contra la mujer y feminicidio, Arturo Zald\u00edvar destac\u00f3 la importancia de encontrar soluciones a este problema tan grave en el pa\u00eds como son los feminicidios que calific\u00f3 como &#8220;tragedia colectiva&#8221;.<\/p>\n\n\n\n<p>En la sede del Senado, expuso que entre 10 y 11 mujeres son privadas de su vida de manera violenta todos los d\u00edas, por lo que record\u00f3 que la SCJN realiz\u00f3 la serie &#8220;Can\u00edbal&#8221; que tuvo una audiencia de 26.7 millones de audiencia y se logr\u00f3 el objetivo de conmocionar a la sociedad y de que se requiere una alianza entre las autoridades y la sociedad.<\/p>\n\n\n\n<p>Subray\u00f3 que ante problemas de esta envergadura se requiere la alianza de todos los \u00f3rdenes de gobierno y poderes de la Uni\u00f3n, por lo que la SCJN asumi\u00f3 tres medidas que son un acuerdo del Consejo de la Judicatura Federal donde todos los defensores p\u00fablicos est\u00e1n facultados a acompa\u00f1ar a las familias que han sufrido un feminicidio, para evitar la revictimizaci\u00f3n y maltrato por parte de las fiscal\u00edas.<\/p>\n\n\n\n<p>Asimismo, dijo que ante la conceptualizaci\u00f3n en cada estado de forma diferente del feminicidio que impide normalizar protocolos de investigaci\u00f3n y en ocasiones son inoperantes, por lo que la SCJN elabor\u00f3 el proyecto de iniciativa para Prevenir, Investigar, Sancionar y Reparar el Feminicidio.<\/p>\n\n\n\n<p>Argument\u00f3 que la idea de esta iniciativa no se agota en el plano punitivo, sino que establece medidas de prevenci\u00f3n, reglas especiales para la investigaci\u00f3n, medidas de asistencia y la reparaci\u00f3n integral del da\u00f1o.<\/p>\n\n\n\n<p>Zald\u00edvar, agreg\u00f3, que la ley se incluye la obligaci\u00f3n de establecer un protocolo nacional de investigaci\u00f3n de feminicidios.<\/p>\n\n\n\n<p>El presidente de la SCJN entreg\u00f3 la iniciativa a los presidentes de la Mesa Directiva del Senado, Olga S\u00e1nchez Cordero; y de la C\u00e1mara de Diputados, Sergio Guti\u00e9rrez.<\/p>\n","protected":false},"excerpt":{"rendered":"<p>El ministro presidente de la Suprema Corte de Justicia de la Naci\u00f3n (SCJN), Arturo Zald\u00edvar, present\u00f3 ante la Comisi\u00f3n Permanente del Congreso la iniciativa de Ley General para Prevenir, Investigar, Sancionar y Reparar el Feminicidio, la cual busca responder a la grave situaci\u00f3n que enfrenta el pa\u00eds por el creciente n\u00famero de feminicidios. Durante una [&hellip;]<\/p>\n","protected":false},"author":81,"featured_media":221579,"comment_status":"closed","ping_status":"closed","sticky":false,"template":"","format":"standard","meta":{"footnotes":""},"categories":[36],"tags":[],"class_list":["post-221578","post","type-post","status-publish","format-standard","has-post-thumbnail","hentry","category-nacion"],"_links":{"self":[{"href":"https:\/\/plazajuarez.mx\/historico\/wp-json\/wp\/v2\/posts\/221578","targetHints":{"allow":["GET"]}}],"collection":[{"href":"https:\/\/plazajuarez.mx\/historico\/wp-json\/wp\/v2\/posts"}],"about":[{"href":"https:\/\/plazajuarez.mx\/historico\/wp-json\/wp\/v2\/types\/post"}],"author":[{"embeddable":true,"href":"https:\/\/plazajuarez.mx\/historico\/wp-json\/wp\/v2\/users\/81"}],"replies":[{"embeddable":true,"href":"https:\/\/plazajuarez.mx\/historico\/wp-json\/wp\/v2\/comments?post=221578"}],"version-history":[{"count":0,"href":"https:\/\/plazajuarez.mx\/historico\/wp-json\/wp\/v2\/posts\/221578\/revisions"}],"wp:featuredmedia":[{"embeddable":true,"href":"https:\/\/plazajuarez.mx\/historico\/wp-json\/wp\/v2\/media\/221579"}],"wp:attachment":[{"href":"https:\/\/plazajuarez.mx\/historico\/wp-json\/wp\/v2\/media?parent=221578"}],"wp:term":[{"taxonomy":"category","embeddable":true,"href":"https:\/\/plazajuarez.mx\/historico\/wp-json\/wp\/v2\/categories?post=221578"},{"taxonomy":"post_tag","embeddable":true,"href":"https:\/\/plazajuarez.mx\/historico\/wp-json\/wp\/v2\/tags?post=221578"}],"curies":[{"name":"wp","href":"https:\/\/api.w.org\/{rel}","templated":true}]}}