{"id":221576,"date":"2022-07-06T14:03:46","date_gmt":"2022-07-06T19:03:46","guid":{"rendered":"https:\/\/plazajuarez.mx\/?p=221576"},"modified":"2022-07-06T14:03:52","modified_gmt":"2022-07-06T19:03:52","slug":"christian_nodal","status":"publish","type":"post","link":"https:\/\/plazajuarez.mx\/historico\/christian_nodal\/","title":{"rendered":"Christian Nodal le declara su amor a Cazzu"},"content":{"rendered":"\n<p>Las pol\u00e9micas no sueltan a Christian Nodal, quien nuevamente se encuentra en el ojo del hurac\u00e1n por decir &#8220;te amo&#8221; a la rapera Cazzu, cantante con la que se le ha relacionado en los \u00faltimos meses luego de que se filtraran fotograf\u00edas de la pareja tomados de la mano durante la gira del mexicano, &#8220;Forajido Tour&#8221;.<\/p>\n\n\n\n<p>Parece que la ruptura entre el cantante y su exprometida Belinda dej\u00f3 sentidos a los seguidores del int\u00e9rprete de &#8220;Adi\u00f3s Amor&#8221; pues fue criticado en redes sociales gracias a un video difundido en TikTok en el que se le observa paseando de la mano con la rapera.<\/p>\n\n\n\n<p>Durante el peque\u00f1o recorrido, Nodal se frena para decir unas palabras a Cazzu que sus fan\u00e1ticos interpretaron como un &#8220;Te amo&#8221;, lo que podr\u00eda indicar que la parejita cada vez est\u00e1 m\u00e1s comprometida con la relaci\u00f3n.<\/p>\n\n\n\n<p>El mexicano no es el \u00fanico que se ha demostrado cari\u00f1oso con la rapera, pues recientemente Cazzu defendi\u00f3 a Nodal a trav\u00e9s de una fotograf\u00eda, detr\u00e1s de bambalinas, donde se ve al artista en uno de los escenarios de la gira, &#8220;Mientras ladran, voz brillas&#8221;, escribi\u00f3.<\/p>\n\n\n\n<p>El video que cuenta con 997 mil vistas gener\u00f3 cr\u00edticas entre los usuarios, no s\u00f3lo dentro de la plataforma TikTok sino tambi\u00e9n en Twitter.<\/p>\n\n\n\n<p>La usuaria Elsy Liares47 dijo, &#8220;ese no ama a nadie&#8221;, mientras que Tabi Torres expres\u00f3 con emoticones de risas, &#8220;tan r\u00e1pido ya la ama&#8221;.<\/p>\n\n\n\n<p>Otros aseguran que Nodal no aprendi\u00f3 de su pasado, &#8220;Ese nada m\u00e1s nunca aprendi\u00f3&#8221; escribi\u00f3 Dayana T\u00e9llez, as\u00ed mismo Brigitte Bola\u00f1os coment\u00f3 que era de las personas que se enamoraban velozmente.<\/p>\n\n\n\n<p>&#8220;Te amo, con cinco d\u00edas, seas b\u00e1rbaro, ese es de los que se enamoran en un d\u00eda&#8221;. Sin embargo, hubo internautas que los felicitaron y hasta defendieron a la pareja.<\/p>\n","protected":false},"excerpt":{"rendered":"<p>Las pol\u00e9micas no sueltan a Christian Nodal, quien nuevamente se encuentra en el ojo del hurac\u00e1n por decir &#8220;te amo&#8221; a la rapera Cazzu, cantante con la que se le ha relacionado en los \u00faltimos meses luego de que se filtraran fotograf\u00edas de la pareja tomados de la mano durante la gira del mexicano, &#8220;Forajido [&hellip;]<\/p>\n","protected":false},"author":81,"featured_media":218252,"comment_status":"closed","ping_status":"closed","sticky":false,"template":"","format":"standard","meta":{"footnotes":""},"categories":[38],"tags":[],"class_list":["post-221576","post","type-post","status-publish","format-standard","has-post-thumbnail","hentry","category-show"],"_links":{"self":[{"href":"https:\/\/plazajuarez.mx\/historico\/wp-json\/wp\/v2\/posts\/221576","targetHints":{"allow":["GET"]}}],"collection":[{"href":"https:\/\/plazajuarez.mx\/historico\/wp-json\/wp\/v2\/posts"}],"about":[{"href":"https:\/\/plazajuarez.mx\/historico\/wp-json\/wp\/v2\/types\/post"}],"author":[{"embeddable":true,"href":"https:\/\/plazajuarez.mx\/historico\/wp-json\/wp\/v2\/users\/81"}],"replies":[{"embeddable":true,"href":"https:\/\/plazajuarez.mx\/historico\/wp-json\/wp\/v2\/comments?post=221576"}],"version-history":[{"count":0,"href":"https:\/\/plazajuarez.mx\/historico\/wp-json\/wp\/v2\/posts\/221576\/revisions"}],"wp:featuredmedia":[{"embeddable":true,"href":"https:\/\/plazajuarez.mx\/historico\/wp-json\/wp\/v2\/media\/218252"}],"wp:attachment":[{"href":"https:\/\/plazajuarez.mx\/historico\/wp-json\/wp\/v2\/media?parent=221576"}],"wp:term":[{"taxonomy":"category","embeddable":true,"href":"https:\/\/plazajuarez.mx\/historico\/wp-json\/wp\/v2\/categories?post=221576"},{"taxonomy":"post_tag","embeddable":true,"href":"https:\/\/plazajuarez.mx\/historico\/wp-json\/wp\/v2\/tags?post=221576"}],"curies":[{"name":"wp","href":"https:\/\/api.w.org\/{rel}","templated":true}]}}