{"id":221571,"date":"2022-07-06T13:58:02","date_gmt":"2022-07-06T18:58:02","guid":{"rendered":"https:\/\/plazajuarez.mx\/?p=221571"},"modified":"2022-07-06T13:58:12","modified_gmt":"2022-07-06T18:58:12","slug":"amlo_afirma","status":"publish","type":"post","link":"https:\/\/plazajuarez.mx\/historico\/amlo_afirma\/","title":{"rendered":"AMLO afirma que &#8220;hay paz y tranquilidad&#8221; en M\u00e9xico"},"content":{"rendered":"\n<p>El presidente Andr\u00e9s Manuel L\u00f3pez Obrador asegur\u00f3 que &#8220;aunque no les guste a sus adversarios&#8221; en M\u00e9xico hay paz y tranquilidad y reconoci\u00f3 que en m\u00e1s de tres a\u00f1os de gobierno, solo tres veces se ha llenado el Z\u00f3calo de la Ciudad de M\u00e9xico y han sido las mujeres quienes lo han hecho en defensa de sus derechos.<\/p>\n\n\n\n<p>En conferencia de prensa matutina, el jefe del Ejecutivo federal reconoci\u00f3 que aunque hay paz y tranquilidad, le gustar\u00eda que fuese plena, por lo que trabaja todos los d\u00edas con ese prop\u00f3sito.<\/p>\n\n\n\n<p>&#8220;Yo como presidente y responsable de la gobernabilidad del pa\u00eds, tengo que buscar que mantengamos la paz, la tranquilidad, en M\u00e9xico. Aunque no les guste a nuestros adversarios conservadores, tenemos paz, tranquilidad; quisiera yo que fuese plena, trabajo todos los d\u00edas con ese prop\u00f3sito, pero no es que vivamos en la anarqu\u00eda, en el desorden.<\/p>\n\n\n\n<p>&#8220;\u00bfCu\u00e1ntas manifestaciones en contra del gobierno ha habido? \u00bfCu\u00e1ntas veces han llenado el Z\u00f3calo para protestar en contra del gobierno? Se ha llenado el Z\u00f3calo, eh, como en tres veces&#8230; dos ocasiones, porque por la pandemia no, lo han hecho las mujeres; pero eso es una lucha no en contra del gobierno, s\u00ed tambi\u00e9n en contra del gobierno y en defensa de sus derechos leg\u00edtimos&#8221;, reconoci\u00f3.<\/p>\n\n\n\n<p>En el sal\u00f3n Tesorer\u00eda de Palacio Nacional, el presidente L\u00f3pez Obrador afirm\u00f3 que la poblaci\u00f3n tiene confianza en su gobierno.<\/p>\n\n\n\n<p>&#8220;Hay que ver las caras de la gente, hay esperanza&#8221;, coment\u00f3.<\/p>\n","protected":false},"excerpt":{"rendered":"<p>El presidente Andr\u00e9s Manuel L\u00f3pez Obrador asegur\u00f3 que &#8220;aunque no les guste a sus adversarios&#8221; en M\u00e9xico hay paz y tranquilidad y reconoci\u00f3 que en m\u00e1s de tres a\u00f1os de gobierno, solo tres veces se ha llenado el Z\u00f3calo de la Ciudad de M\u00e9xico y han sido las mujeres quienes lo han hecho en defensa [&hellip;]<\/p>\n","protected":false},"author":81,"featured_media":205507,"comment_status":"closed","ping_status":"closed","sticky":false,"template":"","format":"standard","meta":{"footnotes":""},"categories":[36],"tags":[],"class_list":["post-221571","post","type-post","status-publish","format-standard","has-post-thumbnail","hentry","category-nacion"],"_links":{"self":[{"href":"https:\/\/plazajuarez.mx\/historico\/wp-json\/wp\/v2\/posts\/221571","targetHints":{"allow":["GET"]}}],"collection":[{"href":"https:\/\/plazajuarez.mx\/historico\/wp-json\/wp\/v2\/posts"}],"about":[{"href":"https:\/\/plazajuarez.mx\/historico\/wp-json\/wp\/v2\/types\/post"}],"author":[{"embeddable":true,"href":"https:\/\/plazajuarez.mx\/historico\/wp-json\/wp\/v2\/users\/81"}],"replies":[{"embeddable":true,"href":"https:\/\/plazajuarez.mx\/historico\/wp-json\/wp\/v2\/comments?post=221571"}],"version-history":[{"count":0,"href":"https:\/\/plazajuarez.mx\/historico\/wp-json\/wp\/v2\/posts\/221571\/revisions"}],"wp:featuredmedia":[{"embeddable":true,"href":"https:\/\/plazajuarez.mx\/historico\/wp-json\/wp\/v2\/media\/205507"}],"wp:attachment":[{"href":"https:\/\/plazajuarez.mx\/historico\/wp-json\/wp\/v2\/media?parent=221571"}],"wp:term":[{"taxonomy":"category","embeddable":true,"href":"https:\/\/plazajuarez.mx\/historico\/wp-json\/wp\/v2\/categories?post=221571"},{"taxonomy":"post_tag","embeddable":true,"href":"https:\/\/plazajuarez.mx\/historico\/wp-json\/wp\/v2\/tags?post=221571"}],"curies":[{"name":"wp","href":"https:\/\/api.w.org\/{rel}","templated":true}]}}