{"id":221557,"date":"2022-07-06T13:40:47","date_gmt":"2022-07-06T18:40:47","guid":{"rendered":"https:\/\/plazajuarez.mx\/?p=221557"},"modified":"2022-07-06T13:40:52","modified_gmt":"2022-07-06T18:40:52","slug":"denuncian-ante-unesco-danos-a-patrimonio-arqueologico-por-tren-maya-en-mexico","status":"publish","type":"post","link":"https:\/\/plazajuarez.mx\/historico\/denuncian-ante-unesco-danos-a-patrimonio-arqueologico-por-tren-maya-en-mexico\/","title":{"rendered":"Denuncian ante Unesco da\u00f1os a patrimonio arqueol\u00f3gico por Tren Maya en M\u00e9xico"},"content":{"rendered":"\n<p>Activistas mexicanos del colectivo &#8220;S\u00e9lvame del Tren&#8221; pidieron este mi\u00e9rcoles la intervenci\u00f3n de la Unesco para proteger el patrimonio arqueol\u00f3gico y paleontol\u00f3gico en riesgo por el tramo 5 del Tren Maya, obra emblem\u00e1tica del presidente, Andr\u00e9s Manuel L\u00f3pez Obrador, en el sureste del pa\u00eds.<\/p>\n\n\n\n<p>Buzos exploradores del Instituto Nacional de Antropolog\u00eda e Historia (INAH) y dem\u00e1s activistas del colectivo entregaron una carta al organismo para denunciar la amenaza del megaproyecto que pasar\u00e1 por encima de grutas y cavernas donde han hallado evidencias in\u00e9ditas de vida prehist\u00f3rica y prehisp\u00e1nica.<\/p>\n\n\n\n<p>\u201cLa construcci\u00f3n del tramo 5 pone en riesgo este notable patrimonio natural y cultural de M\u00e9xico y de la humanidad al pretender construir las v\u00edas del tren que pasar\u00e1n sobre las cuevas y vestigios que ah\u00ed yacen&#8221;, se lee en la misiva dirigida a Fr\u00e9d\u00e9ric Vacheron, representante de la Unesco en M\u00e9xico.<\/p>\n\n\n\n<p>El colectivo solicit\u00f3, &#8220;ante el inminente riesgo que corre el patrimonio natural y cultural&#8221; en la Pen\u00ednsula de Yucat\u00e1n, la intervenci\u00f3n de la Unesco para &#8220;que se genere la debida protecci\u00f3n legal que asegure su conservaci\u00f3n, as\u00ed como para fomentar su adecuada investigaci\u00f3n&#8221;.<\/p>\n\n\n\n<p>La carta est\u00e1 firmada por Octavio del R\u00edo y Guillermo de Anda, exploradores subacu\u00e1ticos del INAH; Jos\u00e9 Urbina y Luis Leal, buzos especializados, as\u00ed como por las activistas Gemma Santana, Natalia C\u00f3rdova, Guillermo D\u2019Christy, Araceli Dom\u00ednguez, Rub\u00e9n D\u2019Arvizu, Andrea Luengas y Laura Pati\u00f1o.<\/p>\n\n\n\n<p>Del R\u00edo explic\u00f3 a Efe que esta es la segunda carta que entregan a organismos internacionales para alertar sobre los riesgos del Tren Maya, un proyecto prioritario de L\u00f3pez Obrador para construir cerca de 1.554 kil\u00f3metros de v\u00eda f\u00e9rrea en los cincos estados del sureste: Chiapas, Tabasco, Campeche, Yucat\u00e1n y Quintana Roo.<\/p>\n\n\n\n<p>El colectivo ya hab\u00eda entregado en mayo pasado una carta a la ONU, dirigida a Kishore Rao, director del Centro de Patrimonio Mundial de la Unesco, y a Ulrike Guerin, quienes la recibieron y aceptaron una reuni\u00f3n en la que manifestaron el inter\u00e9s por el tema.<\/p>\n\n\n\n<p>La intenci\u00f3n, cuenta Del R\u00edo, es declarar patrimonio mixto de la humanidad al \u00e1rea que comprende desde Xpu Ha, en Playa del Carmen, hasta Muyil, Tulum, en el estado mexicano de Quintana Roo, por su importancia biol\u00f3gica, arqueol\u00f3gica y paleontol\u00f3gica.<\/p>\n\n\n\n<p>&#8220;S\u00e9lvame del Tren&#8221; ha advertido que el tramo 5 sur, cuyo trazo fue cambiado en enero pasado hacia una zona selv\u00e1tica que corre sobre un sistema de cuevas, amenaza no solo la biodiversidad, sino los restos arqueol\u00f3gicos que miembros del colectivo han hallado, los de la superficie y los subacu\u00e1ticos.<\/p>\n\n\n\n<p>Entre los hallazgos que Octavio del R\u00edo, como encargado desde hace m\u00e1s de 20 a\u00f1os del proyecto &#8220;Cat\u00e1logo arqueol\u00f3gico de cenotes y cuevas de Quintana Roo&#8221;, figuran esqueletos prehist\u00f3ricos, restos de megafauna y objetos inauditos.<\/p>\n","protected":false},"excerpt":{"rendered":"<p>Activistas mexicanos del colectivo &#8220;S\u00e9lvame del Tren&#8221; pidieron este mi\u00e9rcoles la intervenci\u00f3n de la Unesco para proteger el patrimonio arqueol\u00f3gico y paleontol\u00f3gico en riesgo por el tramo 5 del Tren Maya, obra emblem\u00e1tica del presidente, Andr\u00e9s Manuel L\u00f3pez Obrador, en el sureste del pa\u00eds. Buzos exploradores del Instituto Nacional de Antropolog\u00eda e Historia (INAH) y [&hellip;]<\/p>\n","protected":false},"author":80,"featured_media":221560,"comment_status":"closed","ping_status":"closed","sticky":false,"template":"","format":"standard","meta":{"footnotes":""},"categories":[15,36,2160],"tags":[],"class_list":["post-221557","post","type-post","status-publish","format-standard","has-post-thumbnail","hentry","category-destacadas","category-nacion","category-noticias-de-la-ciudad-de-mexico"],"_links":{"self":[{"href":"https:\/\/plazajuarez.mx\/historico\/wp-json\/wp\/v2\/posts\/221557","targetHints":{"allow":["GET"]}}],"collection":[{"href":"https:\/\/plazajuarez.mx\/historico\/wp-json\/wp\/v2\/posts"}],"about":[{"href":"https:\/\/plazajuarez.mx\/historico\/wp-json\/wp\/v2\/types\/post"}],"author":[{"embeddable":true,"href":"https:\/\/plazajuarez.mx\/historico\/wp-json\/wp\/v2\/users\/80"}],"replies":[{"embeddable":true,"href":"https:\/\/plazajuarez.mx\/historico\/wp-json\/wp\/v2\/comments?post=221557"}],"version-history":[{"count":0,"href":"https:\/\/plazajuarez.mx\/historico\/wp-json\/wp\/v2\/posts\/221557\/revisions"}],"wp:featuredmedia":[{"embeddable":true,"href":"https:\/\/plazajuarez.mx\/historico\/wp-json\/wp\/v2\/media\/221560"}],"wp:attachment":[{"href":"https:\/\/plazajuarez.mx\/historico\/wp-json\/wp\/v2\/media?parent=221557"}],"wp:term":[{"taxonomy":"category","embeddable":true,"href":"https:\/\/plazajuarez.mx\/historico\/wp-json\/wp\/v2\/categories?post=221557"},{"taxonomy":"post_tag","embeddable":true,"href":"https:\/\/plazajuarez.mx\/historico\/wp-json\/wp\/v2\/tags?post=221557"}],"curies":[{"name":"wp","href":"https:\/\/api.w.org\/{rel}","templated":true}]}}