{"id":221440,"date":"2022-07-05T13:58:52","date_gmt":"2022-07-05T18:58:52","guid":{"rendered":"https:\/\/plazajuarez.mx\/?p=221440"},"modified":"2022-07-05T13:59:00","modified_gmt":"2022-07-05T18:59:00","slug":"reforma_shein","status":"publish","type":"post","link":"https:\/\/plazajuarez.mx\/historico\/reforma_shein\/","title":{"rendered":"No fue apresurado plantar ahuehuete en Reforma: Shienbaum"},"content":{"rendered":"\n<p> A un mes de que se plant\u00f3 el ahuehuete en Paseo de la Reforma , la Jefa de Gobierno, Claudia Sheinbaum, dijo que no coincide con lo que plantean algunos expertos sobre que este ejemplar se est\u00e1 secando.<\/p>\n\n\n\n<p>&#8220;Ser\u00eda bueno que pudieran entrar a revisarlo y que vieran la opini\u00f3n de los expertos&#8221;, dijo tras un recorrido en los trabajos de rehabilitaci\u00f3n de la L\u00ednea 12 del Metro.<\/p>\n\n\n\n<p>A pregunta expresa sobre si no considera que fue apresurado plantar el \u00e1rbol, la mandataria capitalina dijo que no.<\/p>\n\n\n\n<p>&#8220;No coincidimos con lo que plantean, y ah\u00ed que la Secretar\u00eda de Medio Ambiente les pueda dar toda la informaci\u00f3n&#8221;, indic\u00f3.<\/p>\n\n\n\n<p>El pasado 13 de junio, la Secretar\u00eda del Medio Ambiente (Sedema) asegur\u00f3 que el ahuehuete, ubicado en la &#8220;Glorieta de la Palma&#8221; se encuentra en un periodo de adaptaci\u00f3n raz\u00f3n por la cual presenta amarillamiento del follaje y por lo que va a tirar hoja durante varias semanas.<\/p>\n","protected":false},"excerpt":{"rendered":"<p>A un mes de que se plant\u00f3 el ahuehuete en Paseo de la Reforma , la Jefa de Gobierno, Claudia Sheinbaum, dijo que no coincide con lo que plantean algunos expertos sobre que este ejemplar se est\u00e1 secando. &#8220;Ser\u00eda bueno que pudieran entrar a revisarlo y que vieran la opini\u00f3n de los expertos&#8221;, dijo tras [&hellip;]<\/p>\n","protected":false},"author":81,"featured_media":221441,"comment_status":"closed","ping_status":"closed","sticky":false,"template":"","format":"standard","meta":{"footnotes":""},"categories":[2160],"tags":[],"class_list":["post-221440","post","type-post","status-publish","format-standard","has-post-thumbnail","hentry","category-noticias-de-la-ciudad-de-mexico"],"_links":{"self":[{"href":"https:\/\/plazajuarez.mx\/historico\/wp-json\/wp\/v2\/posts\/221440","targetHints":{"allow":["GET"]}}],"collection":[{"href":"https:\/\/plazajuarez.mx\/historico\/wp-json\/wp\/v2\/posts"}],"about":[{"href":"https:\/\/plazajuarez.mx\/historico\/wp-json\/wp\/v2\/types\/post"}],"author":[{"embeddable":true,"href":"https:\/\/plazajuarez.mx\/historico\/wp-json\/wp\/v2\/users\/81"}],"replies":[{"embeddable":true,"href":"https:\/\/plazajuarez.mx\/historico\/wp-json\/wp\/v2\/comments?post=221440"}],"version-history":[{"count":0,"href":"https:\/\/plazajuarez.mx\/historico\/wp-json\/wp\/v2\/posts\/221440\/revisions"}],"wp:featuredmedia":[{"embeddable":true,"href":"https:\/\/plazajuarez.mx\/historico\/wp-json\/wp\/v2\/media\/221441"}],"wp:attachment":[{"href":"https:\/\/plazajuarez.mx\/historico\/wp-json\/wp\/v2\/media?parent=221440"}],"wp:term":[{"taxonomy":"category","embeddable":true,"href":"https:\/\/plazajuarez.mx\/historico\/wp-json\/wp\/v2\/categories?post=221440"},{"taxonomy":"post_tag","embeddable":true,"href":"https:\/\/plazajuarez.mx\/historico\/wp-json\/wp\/v2\/tags?post=221440"}],"curies":[{"name":"wp","href":"https:\/\/api.w.org\/{rel}","templated":true}]}}