{"id":221437,"date":"2022-07-05T13:50:33","date_gmt":"2022-07-05T18:50:33","guid":{"rendered":"https:\/\/plazajuarez.mx\/?p=221437"},"modified":"2022-07-05T13:50:45","modified_gmt":"2022-07-05T18:50:45","slug":"pumas_barcelona","status":"publish","type":"post","link":"https:\/\/plazajuarez.mx\/historico\/pumas_barcelona\/","title":{"rendered":"Pumas jugar\u00e1 contra el Barcelona por el trofeo Joan Gamper"},"content":{"rendered":"\n<p> El domingo 7 de agosto, los Pumas har\u00e1n historia. Ser\u00e1n el primer club mexicano en la historia que haya disputado los trofeos Santiago Bernab\u00e9u y Joan Gamper, con los que el Real Madrid y el Barcelona -respectivamente- se presentan ante su p\u00fablico de cara a la nueva temporada.<\/p>\n\n\n\n<p>El Barcelona oficializ\u00f3 que el conjunto mexicano ser\u00e1 su rival, despu\u00e9s de que hubiera acercamientos con el bicampe\u00f3n Atlas, pero no se llegara a un acuerdo. Los Pumas s\u00ed aceptaron y visitar\u00e1n el estadio Camp Nou el domingo 7 de agosto, a la 1 de la tarde, tiempo del centro de M\u00e9xico.<\/p>\n\n\n\n<p>En 2004, los Pumas -entonces dirigidos por Hugo S\u00e1nchez- enfrentaron al Real Madrid por el trofeo Santiago Bernab\u00e9u y se lo llevaron al ganar 1-0, con gol de Israel Castro. Son hasta ahora el \u00fanico conjunto mexicano que ha disputado ese trofeo. En cuanto al del Barcelona, el Joan Gamper, ser\u00e1n el segundo.<\/p>\n\n\n\n<p>En 2014, el Le\u00f3n lo disput\u00f3 y fue goleado por los catalanes (6-0). Este partido ser\u00e1 el segundo de los felinos ante equipos espa\u00f1oles en poco tiempo, ya que el mi\u00e9rcoles de la siguiente semana recibir\u00e1n al Celta de Vigo en el estadio Ol\u00edmpico Universitario. Este duelo provocar\u00e1 un cambio en su partido de la Fecha 6, ya que ten\u00edan programado visitar al Puebla el viernes 5 de agosto.<\/p>\n","protected":false},"excerpt":{"rendered":"<p>El domingo 7 de agosto, los Pumas har\u00e1n historia. Ser\u00e1n el primer club mexicano en la historia que haya disputado los trofeos Santiago Bernab\u00e9u y Joan Gamper, con los que el Real Madrid y el Barcelona -respectivamente- se presentan ante su p\u00fablico de cara a la nueva temporada. El Barcelona oficializ\u00f3 que el conjunto mexicano [&hellip;]<\/p>\n","protected":false},"author":81,"featured_media":221438,"comment_status":"closed","ping_status":"closed","sticky":false,"template":"","format":"standard","meta":{"footnotes":""},"categories":[39],"tags":[],"class_list":["post-221437","post","type-post","status-publish","format-standard","has-post-thumbnail","hentry","category-deportiva"],"_links":{"self":[{"href":"https:\/\/plazajuarez.mx\/historico\/wp-json\/wp\/v2\/posts\/221437","targetHints":{"allow":["GET"]}}],"collection":[{"href":"https:\/\/plazajuarez.mx\/historico\/wp-json\/wp\/v2\/posts"}],"about":[{"href":"https:\/\/plazajuarez.mx\/historico\/wp-json\/wp\/v2\/types\/post"}],"author":[{"embeddable":true,"href":"https:\/\/plazajuarez.mx\/historico\/wp-json\/wp\/v2\/users\/81"}],"replies":[{"embeddable":true,"href":"https:\/\/plazajuarez.mx\/historico\/wp-json\/wp\/v2\/comments?post=221437"}],"version-history":[{"count":0,"href":"https:\/\/plazajuarez.mx\/historico\/wp-json\/wp\/v2\/posts\/221437\/revisions"}],"wp:featuredmedia":[{"embeddable":true,"href":"https:\/\/plazajuarez.mx\/historico\/wp-json\/wp\/v2\/media\/221438"}],"wp:attachment":[{"href":"https:\/\/plazajuarez.mx\/historico\/wp-json\/wp\/v2\/media?parent=221437"}],"wp:term":[{"taxonomy":"category","embeddable":true,"href":"https:\/\/plazajuarez.mx\/historico\/wp-json\/wp\/v2\/categories?post=221437"},{"taxonomy":"post_tag","embeddable":true,"href":"https:\/\/plazajuarez.mx\/historico\/wp-json\/wp\/v2\/tags?post=221437"}],"curies":[{"name":"wp","href":"https:\/\/api.w.org\/{rel}","templated":true}]}}