{"id":221431,"date":"2022-07-05T13:35:09","date_gmt":"2022-07-05T18:35:09","guid":{"rendered":"https:\/\/plazajuarez.mx\/?p=221431"},"modified":"2022-07-05T13:35:16","modified_gmt":"2022-07-05T18:35:16","slug":"jenaro_villamil","status":"publish","type":"post","link":"https:\/\/plazajuarez.mx\/historico\/jenaro_villamil\/","title":{"rendered":"Sigue el pleito entre Jenaro Villamil y Ricardo Salinas Pliego"},"content":{"rendered":"\n<p>El lunes pasado, Jenaro Villamil estuvo en &#8220;El Oct\u00e1gono&#8221;, programa conducido por Hern\u00e1n G\u00f3mez, donde critic\u00f3 que Salinas Pliego document\u00f3 su homofobia y le hizo &#8220;bullying&#8221; por su orientaci\u00f3n sexual.<\/p>\n\n\n\n<p>Adem\u00e1s, calific\u00f3 como un acto intimidatorio el hecho de que tras haberse enfrascado en una discusi\u00f3n en redes sociales, Salinas Pliego haya reproducido una fotograf\u00eda de Villamil en un bar gay junto a otros hombres.<\/p>\n\n\n\n<p>&#8220;Es el discurso t\u00edpico del hacendado postmilenario que cree que todos son sus empleados, sus sirvientes y no le pueden decir nada porque ele es el due\u00f1o del sarcasmo, de la ofensa y de la vida de los dem\u00e1s&#8221;, mencion\u00f3.<\/p>\n\n\n\n<p>Asimismo, asegur\u00f3 que lo que m\u00e1s le sorprendi\u00f3 fue la respuesta de Ricardo Salinas Pliego &#8220;en donde me dice: &#8216;es que no me entendiste, yo te estaba apoyando&#8217;. Y dije: &#8216;no, t\u00fa no est\u00e1s apoyando, est\u00e1s intimidando'&#8221;.<\/p>\n\n\n\n<p>Villamil asegur\u00f3 que Salinas Pliego document\u00f3 su homofobia.<\/p>\n\n\n\n<p>&#8212;Villamil contesta a Salinas el d\u00eda del Orgullo LGBT<\/p>\n\n\n\n<p>El pleito se remonta al pasado 8 de junio, pero revivi\u00f3 en redes este s\u00e1bado 25 de junio, en el marco de la Marcha del Orgullo LGBTQI+, pues Jenaro Villamil le respondi\u00f3 al empresario una cr\u00edtica a su orientaci\u00f3n sexual: &#8220;Soy gay y con mucho #Orgullo2022&#8221;.<\/p>\n\n\n\n<p>&#8220;Ser gay, lesbiana, trans o bisexual no es ninguna enfermedad y menos algo de qu\u00e9 avergonzarse&#8221;, dijo Villamil al empresario.<\/p>\n\n\n\n<p>Pero el tema sigui\u00f3 cuando Jenaro Villamil tach\u00f3 a Salinas de megal\u00f3mano, pues indic\u00f3 que ser &#8220;enfermo es ser megal\u00f3mano, fingir empat\u00eda, intimidar y usar informaci\u00f3n privada\u2026 like you&#8221;.<\/p>\n","protected":false},"excerpt":{"rendered":"<p>El lunes pasado, Jenaro Villamil estuvo en &#8220;El Oct\u00e1gono&#8221;, programa conducido por Hern\u00e1n G\u00f3mez, donde critic\u00f3 que Salinas Pliego document\u00f3 su homofobia y le hizo &#8220;bullying&#8221; por su orientaci\u00f3n sexual. Adem\u00e1s, calific\u00f3 como un acto intimidatorio el hecho de que tras haberse enfrascado en una discusi\u00f3n en redes sociales, Salinas Pliego haya reproducido una fotograf\u00eda [&hellip;]<\/p>\n","protected":false},"author":81,"featured_media":221432,"comment_status":"closed","ping_status":"closed","sticky":false,"template":"","format":"standard","meta":{"footnotes":""},"categories":[36],"tags":[],"class_list":["post-221431","post","type-post","status-publish","format-standard","has-post-thumbnail","hentry","category-nacion"],"_links":{"self":[{"href":"https:\/\/plazajuarez.mx\/historico\/wp-json\/wp\/v2\/posts\/221431","targetHints":{"allow":["GET"]}}],"collection":[{"href":"https:\/\/plazajuarez.mx\/historico\/wp-json\/wp\/v2\/posts"}],"about":[{"href":"https:\/\/plazajuarez.mx\/historico\/wp-json\/wp\/v2\/types\/post"}],"author":[{"embeddable":true,"href":"https:\/\/plazajuarez.mx\/historico\/wp-json\/wp\/v2\/users\/81"}],"replies":[{"embeddable":true,"href":"https:\/\/plazajuarez.mx\/historico\/wp-json\/wp\/v2\/comments?post=221431"}],"version-history":[{"count":0,"href":"https:\/\/plazajuarez.mx\/historico\/wp-json\/wp\/v2\/posts\/221431\/revisions"}],"wp:featuredmedia":[{"embeddable":true,"href":"https:\/\/plazajuarez.mx\/historico\/wp-json\/wp\/v2\/media\/221432"}],"wp:attachment":[{"href":"https:\/\/plazajuarez.mx\/historico\/wp-json\/wp\/v2\/media?parent=221431"}],"wp:term":[{"taxonomy":"category","embeddable":true,"href":"https:\/\/plazajuarez.mx\/historico\/wp-json\/wp\/v2\/categories?post=221431"},{"taxonomy":"post_tag","embeddable":true,"href":"https:\/\/plazajuarez.mx\/historico\/wp-json\/wp\/v2\/tags?post=221431"}],"curies":[{"name":"wp","href":"https:\/\/api.w.org\/{rel}","templated":true}]}}