{"id":221414,"date":"2022-07-05T11:09:02","date_gmt":"2022-07-05T16:09:02","guid":{"rendered":"https:\/\/plazajuarez.mx\/?p=221414"},"modified":"2022-07-05T11:09:08","modified_gmt":"2022-07-05T16:09:08","slug":"envian-iniciativa-de-ley-para-eliminar-el-horario-de-verano","status":"publish","type":"post","link":"https:\/\/plazajuarez.mx\/historico\/envian-iniciativa-de-ley-para-eliminar-el-horario-de-verano\/","title":{"rendered":"Env\u00edan iniciativa de ley para eliminar el horario de verano"},"content":{"rendered":"\n<p>El presidente mexicano, Andr\u00e9s Manuel L\u00f3pez Obrador, envi\u00f3 este martes una iniciativa al Congreso para eliminar el horario de verano con el argumento que 71 % de los ciudadanos lo rechazan y se ahorra solo un 0,16 % del consumo nacional de electricidad.<\/p>\n\n\n\n<p>El mandatario firm\u00f3 en el Palacio Nacional la iniciativa de Ley de Husos Horarios de M\u00e9xico para &#8220;eliminar el horario de verano en el territorio nacional y establecer en forma excepcional un horario estacional en los municipios de la frontera norte\u201d, seg\u00fan explic\u00f3 Roc\u00edo Nahle, la secretaria de Energ\u00eda.<\/p>\n\n\n\n<p>Nahle cit\u00f3 que solo 29 % de los mexicanos est\u00e1n conformes con el horario de verano, seg\u00fan una encuesta del mes pasado de la Secretar\u00eda de Gobernaci\u00f3n (Segob), y que se han presentado m\u00e1s de 40 iniciativas desde 2001 de diversos partidos para eliminarlo.<\/p>\n\n\n\n<p>&#8220;\u00bfPor qu\u00e9 eliminar el horario de verano? Hay varios puntos, primero hay un rechazo popular, hay una inconformidad permanente en la sociedad desde 1996, cuando se instal\u00f3 este horario\u201d, sostuvo.<\/p>\n\n\n\n<p>En M\u00e9xico, el horario de verano comienza el primer domingo de abril, cuando los relojes se adelantan una hora, y termina el \u00faltimo domingo de octubre, excepto en los estados de Quintana Roo (sureste) y Sonora (noroeste), que no cambian, adem\u00e1s de la frontera norte, que adopta el cambio de Estados Unidos.<\/p>\n\n\n\n<p>La secretaria de Energ\u00eda argument\u00f3 que &#8220;el ahorro de energ\u00eda es muy bajo respecto al consumo total y no hay impacto en el gasto familiar\u201d.<\/p>\n\n\n\n<p>Desde su implementaci\u00f3n, el horario de verano ha contribuido a un ahorro energ\u00e9tico menor al 1 % anual del consumo nacional, seg\u00fan Nahle.<\/p>\n\n\n\n<p>En 2021, la Secretar\u00eda de Energ\u00eda document\u00f3 un ahorro de 537 gigavatios por hora, lo que equivale a 0,16 % del consumo nacional, o un monto de 1.138 millones de pesos (casi 57 millones de d\u00f3lares).<\/p>\n\n\n\n<p>Adem\u00e1s, la reducci\u00f3n de emisiones entre 2019 y 2020 fue de solo 0,6 % de las totales de M\u00e9xico.<\/p>\n\n\n\n<p>La propuesta de M\u00e9xico coincide con una discusi\u00f3n en el Congreso de Estados Unidos sobre la posibilidad de eliminar tambi\u00e9n el cambio de hora, aunque los estadounidenses debaten preservar el de verano y M\u00e9xico mantendr\u00eda el de invierno.<\/p>\n\n\n\n<p>\u201cDe acuerdo a la evidencia cient\u00edfica no hay cambios importantes en la luz solar en los pa\u00edses cercanos al los tr\u00f3picos, por lo tanto no hay una justificaci\u00f3n\u201d, asever\u00f3 Nahle.<\/p>\n\n\n\n<p>Por otro lado, el secretario de Salud, Jorge Alcocer, argument\u00f3 que &#8220;el cambio de hora altera el tiempo de exposici\u00f3n al sol y desequilibra el reloj biol\u00f3gico&#8221;.<\/p>\n\n\n\n<p>El secretario enunci\u00f3 efectos adversos por el cambio de horario como irritabilidad, somnolencia, menor productividad, mayor riesgo de infartos y que el sue\u00f1o de los adolescentes disminuye en promedio en 32 minutos por noche.<\/p>\n\n\n\n<p>\u201cSi debemos mejorar nuestra salud, no debemos luchar contra nuestro reloj biol\u00f3gico, lo recomendable es volver al horario est\u00e1ndar, que es cuando la hora del reloj solar coincide con la hora del reloj social, del reloj de Dios\u201d, sentenci\u00f3.<\/p>\n","protected":false},"excerpt":{"rendered":"<p>El presidente mexicano, Andr\u00e9s Manuel L\u00f3pez Obrador, envi\u00f3 este martes una iniciativa al Congreso para eliminar el horario de verano con el argumento que 71 % de los ciudadanos lo rechazan y se ahorra solo un 0,16 % del consumo nacional de electricidad. El mandatario firm\u00f3 en el Palacio Nacional la iniciativa de Ley de [&hellip;]<\/p>\n","protected":false},"author":80,"featured_media":221415,"comment_status":"closed","ping_status":"closed","sticky":false,"template":"","format":"standard","meta":{"footnotes":""},"categories":[15,36],"tags":[],"class_list":["post-221414","post","type-post","status-publish","format-standard","has-post-thumbnail","hentry","category-destacadas","category-nacion"],"_links":{"self":[{"href":"https:\/\/plazajuarez.mx\/historico\/wp-json\/wp\/v2\/posts\/221414","targetHints":{"allow":["GET"]}}],"collection":[{"href":"https:\/\/plazajuarez.mx\/historico\/wp-json\/wp\/v2\/posts"}],"about":[{"href":"https:\/\/plazajuarez.mx\/historico\/wp-json\/wp\/v2\/types\/post"}],"author":[{"embeddable":true,"href":"https:\/\/plazajuarez.mx\/historico\/wp-json\/wp\/v2\/users\/80"}],"replies":[{"embeddable":true,"href":"https:\/\/plazajuarez.mx\/historico\/wp-json\/wp\/v2\/comments?post=221414"}],"version-history":[{"count":0,"href":"https:\/\/plazajuarez.mx\/historico\/wp-json\/wp\/v2\/posts\/221414\/revisions"}],"wp:featuredmedia":[{"embeddable":true,"href":"https:\/\/plazajuarez.mx\/historico\/wp-json\/wp\/v2\/media\/221415"}],"wp:attachment":[{"href":"https:\/\/plazajuarez.mx\/historico\/wp-json\/wp\/v2\/media?parent=221414"}],"wp:term":[{"taxonomy":"category","embeddable":true,"href":"https:\/\/plazajuarez.mx\/historico\/wp-json\/wp\/v2\/categories?post=221414"},{"taxonomy":"post_tag","embeddable":true,"href":"https:\/\/plazajuarez.mx\/historico\/wp-json\/wp\/v2\/tags?post=221414"}],"curies":[{"name":"wp","href":"https:\/\/api.w.org\/{rel}","templated":true}]}}