{"id":221407,"date":"2022-07-05T11:00:44","date_gmt":"2022-07-05T16:00:44","guid":{"rendered":"https:\/\/plazajuarez.mx\/?p=221407"},"modified":"2022-07-05T11:00:50","modified_gmt":"2022-07-05T16:00:50","slug":"contagios-por-covid-19-mantienen-tendencia-al-alza-lopez-gatell","status":"publish","type":"post","link":"https:\/\/plazajuarez.mx\/historico\/contagios-por-covid-19-mantienen-tendencia-al-alza-lopez-gatell\/","title":{"rendered":"Contagios por Covid-19 mantienen tendencia al alza: L\u00f3pez-Gatell"},"content":{"rendered":"\n<p>El subsecretario de Prevenci\u00f3n y Promoci\u00f3n de la Salud, Hugo L\u00f3pez-Gatell inform\u00f3 que se mantiene la tendencia al alza de contagios por Covid-19, y ha aumentado el n\u00famero de fallecimientos con 12 en promedio al d\u00eda.<\/p>\n\n\n\n<p><br>En la conferencia de prensa del presidente Andr\u00e9s Manuel L\u00f3pez Obrador, L\u00f3pez-Gatell dijo que tambi\u00e9n ha habido in incremento en la hospitalizaci\u00f3n de 10% de promedio nacional para personas que no tienen enfermedad grave y de 3% de ocupaci\u00f3n para las personas que necesitaban terapia intensiva por Covid.<\/p>\n\n\n\n<p><br>&#8220;Las defunciones hay aumentado ligeramente tenemos un promedio diario-semanal de 12 defunciones, incremento que comenz\u00f3 en la semana 24, pero se mantienen en menor cantidad que cualquier de las etapas previas de la pandemia&#8221;.<\/p>\n\n\n\n<p><br>El doctor Hugo L\u00f3pez-Gatell hizo un llamado a toda la poblaci\u00f3n que no se ha vacunado contra el Covid-19 a acudir a los centros de vacunaci\u00f3n, pues la mayor\u00eda de los decesos son en personas que no tienen la protecci\u00f3n del biol\u00f3gico.<\/p>\n","protected":false},"excerpt":{"rendered":"<p>El subsecretario de Prevenci\u00f3n y Promoci\u00f3n de la Salud, Hugo L\u00f3pez-Gatell inform\u00f3 que se mantiene la tendencia al alza de contagios por Covid-19, y ha aumentado el n\u00famero de fallecimientos con 12 en promedio al d\u00eda. En la conferencia de prensa del presidente Andr\u00e9s Manuel L\u00f3pez Obrador, L\u00f3pez-Gatell dijo que tambi\u00e9n ha habido in incremento [&hellip;]<\/p>\n","protected":false},"author":81,"featured_media":221409,"comment_status":"closed","ping_status":"closed","sticky":false,"template":"","format":"standard","meta":{"footnotes":""},"categories":[15,36],"tags":[],"class_list":["post-221407","post","type-post","status-publish","format-standard","has-post-thumbnail","hentry","category-destacadas","category-nacion"],"_links":{"self":[{"href":"https:\/\/plazajuarez.mx\/historico\/wp-json\/wp\/v2\/posts\/221407","targetHints":{"allow":["GET"]}}],"collection":[{"href":"https:\/\/plazajuarez.mx\/historico\/wp-json\/wp\/v2\/posts"}],"about":[{"href":"https:\/\/plazajuarez.mx\/historico\/wp-json\/wp\/v2\/types\/post"}],"author":[{"embeddable":true,"href":"https:\/\/plazajuarez.mx\/historico\/wp-json\/wp\/v2\/users\/81"}],"replies":[{"embeddable":true,"href":"https:\/\/plazajuarez.mx\/historico\/wp-json\/wp\/v2\/comments?post=221407"}],"version-history":[{"count":0,"href":"https:\/\/plazajuarez.mx\/historico\/wp-json\/wp\/v2\/posts\/221407\/revisions"}],"wp:featuredmedia":[{"embeddable":true,"href":"https:\/\/plazajuarez.mx\/historico\/wp-json\/wp\/v2\/media\/221409"}],"wp:attachment":[{"href":"https:\/\/plazajuarez.mx\/historico\/wp-json\/wp\/v2\/media?parent=221407"}],"wp:term":[{"taxonomy":"category","embeddable":true,"href":"https:\/\/plazajuarez.mx\/historico\/wp-json\/wp\/v2\/categories?post=221407"},{"taxonomy":"post_tag","embeddable":true,"href":"https:\/\/plazajuarez.mx\/historico\/wp-json\/wp\/v2\/tags?post=221407"}],"curies":[{"name":"wp","href":"https:\/\/api.w.org\/{rel}","templated":true}]}}